{"id":968,"date":"2025-04-11T12:28:04","date_gmt":"2025-04-11T12:28:04","guid":{"rendered":"https:\/\/offsidetalks.com\/nicht-kategorisiert\/mclaren-im-langstreckenrennen\/"},"modified":"2025-04-11T12:28:04","modified_gmt":"2025-04-11T12:28:04","slug":"mclaren-im-langstreckenrennen","status":"publish","type":"post","link":"https:\/\/offsidetalks.com\/de\/formel-1-2\/mclaren-im-langstreckenrennen\/","title":{"rendered":"McLaren im Langstreckenrennen"},"content":{"rendered":"<p>Am Donnerstag best\u00e4tigte McLaren seinen Einstieg in die Hypercar-Klasse der World Endurance Championship, was eine bedeutende R\u00fcckkehr f\u00fcr das ikonische Rennteam markiert. Diese Expansion in den Langstreckenrennsport steht im Einklang mit McLarens anhaltendem Engagement, sein Rennportfolio zu diversifizieren, da das Team bereits in der Formel 1, der Formel E und der IndyCar-Serie antritt.<\/p>\n<h2>Herausforderungen voraus<\/h2>\n<p>Dieses lang erwartete Projekt stand vor mehreren Herausforderungen, haupts\u00e4chlich im Zusammenhang mit der Sicherung eines geeigneten Motors. Auch wenn spezifische Details \u00fcber das Auto und den Motor unklar bleiben, zeigt sich das Team zuversichtlich, diese H\u00fcrden vor Beginn der Saison 2027 zu \u00fcberwinden.<\/p>\n<h2>Teilnahmem\u00f6glichkeiten f\u00fcr Fahrer<\/h2>\n<p>Der Schritt er\u00f6ffnet potenzielle M\u00f6glichkeiten f\u00fcr aktuelle F1-Fahrer, darunter Oscar Piastri und Lando Norris, an prestigetr\u00e4chtigen Langstreckenrennen wie den 24 Stunden von Le Mans teilzunehmen. Piastri erkannte den Reiz solcher Events an, betonte jedoch das derzeitige Bekenntnis zur F1, was darauf hindeutet, dass es einige Zeit dauern k\u00f6nnte, bevor er sich ernsthaft mit Langstreckenrennen befasst.<\/p>\n<h2>Ver\u00e4ndernde Renndynamik<\/h2>\n<p>Mit dem Langstreckenrennsport entwickelt sich die Dynamik des Motorsports weiter. Historisch gesehen nahmen viele Fahrer an mehreren Serien teil, aber solche Praktiken sind in den letzten Jahren seltener geworden. Fahrer wie Nico H\u00fclkenberg und Fernando Alonso haben zuvor die Teilnahme an F1 und Langstreckenrennen vereint, was zeigt, dass, auch wenn die doppelte Teilnahme selten ist, sie dennoch m\u00f6glich bleibt.<\/p>\n<h2>Der Blick nach vorn<\/h2>\n<p>W\u00e4hrend sich McLaren auf das bevorstehende Kapitel im Langstreckenrennsport vorbereitet, liegt der Fokus auf der Entwicklung einer effektiven Strategie, die sowohl den technischen Anforderungen ihrer neuen Unternehmung als auch den Verpflichtungen ihres aktuellen F1-Teams gerecht wird. Gleichzeitig betont der erwartete Einstieg in den Langstreckenrennsport die Vielseitigkeit und das Streben des Teams im wettbewerbsorientierten Motorsportumfeld.<\/p>\n","protected":false},"excerpt":{"rendered":"<p>McLaren k\u00fcndigt den Einstieg in die Hypercar-Klasse der World Endurance Championship ab 2027 an und erweitert damit seine Rennpr\u00e4senz \u00fcber mehrere Serien hinweg. Das Projekt zielt darauf ab, motorbezogene Herausforderungen zu \u00fcberwinden und bietet aktuelle F1-Fahrer Chancen. Mit diesem Schritt unterstreicht McLaren seine Vielseitigkeit und seinen Ehrgeiz im konkurrenzf\u00e4higen Motorsport.<\/p>\n","protected":false},"author":6,"featured_media":635,"comment_status":"open","ping_status":"open","sticky":false,"template":"","format":"standard","meta":{"_acf_changed":false,"_yoast_wpseo_title":"","_yoast_wpseo_metadesc":"McLaren wird 2027 in die World Endurance Championship einsteigen und verspricht eine spannende Erweiterung des Teams.","_rewrk_id":[],"footnotes":""},"categories":[35],"tags":[],"class_list":["post-968","post","type-post","status-publish","format-standard","has-post-thumbnail","hentry","category-formel-1-2"],"acf":[],"yoast_head":"<!-- This site is optimized with the Yoast SEO plugin v27.0 - https:\/\/yoast.com\/product\/yoast-seo-wordpress\/ -->\n<title>McLaren im Langstreckenrennen - Offsidetalks.com<\/title>\n<meta name=\"description\" content=\"McLaren wird 2027 in die World Endurance Championship einsteigen und verspricht eine spannende Erweiterung des Teams.\" \/>\n<meta name=\"robots\" content=\"noindex, follow, max-snippet:-1, max-image-preview:large, max-video-preview:-1\" \/>\n<meta property=\"og:locale\" content=\"de_DE\" \/>\n<meta property=\"og:type\" content=\"article\" \/>\n<meta property=\"og:title\" content=\"McLaren im Langstreckenrennen - Offsidetalks.com\" \/>\n<meta property=\"og:description\" content=\"McLaren wird 2027 in die World Endurance Championship einsteigen und verspricht eine spannende Erweiterung des Teams.\" \/>\n<meta property=\"og:url\" content=\"https:\/\/offsidetalks.com\/de\/formel-1-2\/mclaren-im-langstreckenrennen\/\" \/>\n<meta property=\"og:site_name\" content=\"Offsidetalks.com\" \/>\n<meta property=\"article:published_time\" content=\"2025-04-11T12:28:04+00:00\" \/>\n<meta property=\"og:image\" content=\"https:\/\/offsidetalks.com\/wp-content\/uploads\/2025\/04\/5ang8k685zlk5sdfgtn6q36qttk44m3w-large.webp\" \/>\n\t<meta property=\"og:image:width\" content=\"1280\" \/>\n\t<meta property=\"og:image:height\" content=\"731\" \/>\n\t<meta property=\"og:image:type\" content=\"image\/webp\" \/>\n<meta name=\"author\" content=\"Javier Morales\" \/>\n<meta name=\"twitter:card\" content=\"summary_large_image\" \/>\n<meta name=\"twitter:label1\" content=\"Verfasst von\" \/>\n\t<meta name=\"twitter:data1\" content=\"Javier Morales\" \/>\n\t<meta name=\"twitter:label2\" content=\"Gesch\u00e4tzte Lesezeit\" \/>\n\t<meta name=\"twitter:data2\" content=\"1\u00a0Minute\" \/>\n<script type=\"application\/ld+json\" class=\"yoast-schema-graph\">{\"@context\":\"https:\/\/schema.org\",\"@graph\":[{\"@type\":\"Article\",\"@id\":\"https:\/\/offsidetalks.com\/de\/formel-1-2\/mclaren-im-langstreckenrennen\/#article\",\"isPartOf\":{\"@id\":\"https:\/\/offsidetalks.com\/de\/formel-1-2\/mclaren-im-langstreckenrennen\/\"},\"author\":{\"name\":\"Javier Morales\",\"@id\":\"https:\/\/offsidetalks.com\/de\/#\/schema\/person\/13149d754c31a45417ef6d6a501f354d\"},\"headline\":\"McLaren im Langstreckenrennen\",\"datePublished\":\"2025-04-11T12:28:04+00:00\",\"mainEntityOfPage\":{\"@id\":\"https:\/\/offsidetalks.com\/de\/formel-1-2\/mclaren-im-langstreckenrennen\/\"},\"wordCount\":293,\"commentCount\":0,\"publisher\":{\"@id\":\"https:\/\/offsidetalks.com\/de\/#organization\"},\"image\":{\"@id\":\"https:\/\/offsidetalks.com\/de\/formel-1-2\/mclaren-im-langstreckenrennen\/#primaryimage\"},\"thumbnailUrl\":\"https:\/\/offsidetalks.com\/wp-content\/uploads\/2025\/04\/5ang8k685zlk5sdfgtn6q36qttk44m3w-large.webp\",\"articleSection\":[\"Formel 1\"],\"inLanguage\":\"de\",\"potentialAction\":[{\"@type\":\"CommentAction\",\"name\":\"Comment\",\"target\":[\"https:\/\/offsidetalks.com\/de\/formel-1-2\/mclaren-im-langstreckenrennen\/#respond\"]}]},{\"@type\":\"WebPage\",\"@id\":\"https:\/\/offsidetalks.com\/de\/formel-1-2\/mclaren-im-langstreckenrennen\/\",\"url\":\"https:\/\/offsidetalks.com\/de\/formel-1-2\/mclaren-im-langstreckenrennen\/\",\"name\":\"McLaren im Langstreckenrennen - Offsidetalks.com\",\"isPartOf\":{\"@id\":\"https:\/\/offsidetalks.com\/de\/#website\"},\"primaryImageOfPage\":{\"@id\":\"https:\/\/offsidetalks.com\/de\/formel-1-2\/mclaren-im-langstreckenrennen\/#primaryimage\"},\"image\":{\"@id\":\"https:\/\/offsidetalks.com\/de\/formel-1-2\/mclaren-im-langstreckenrennen\/#primaryimage\"},\"thumbnailUrl\":\"https:\/\/offsidetalks.com\/wp-content\/uploads\/2025\/04\/5ang8k685zlk5sdfgtn6q36qttk44m3w-large.webp\",\"datePublished\":\"2025-04-11T12:28:04+00:00\",\"description\":\"McLaren wird 2027 in die World Endurance Championship einsteigen und verspricht eine spannende Erweiterung des Teams.\",\"breadcrumb\":{\"@id\":\"https:\/\/offsidetalks.com\/de\/formel-1-2\/mclaren-im-langstreckenrennen\/#breadcrumb\"},\"inLanguage\":\"de\",\"potentialAction\":[{\"@type\":\"ReadAction\",\"target\":[\"https:\/\/offsidetalks.com\/de\/formel-1-2\/mclaren-im-langstreckenrennen\/\"]}]},{\"@type\":\"ImageObject\",\"inLanguage\":\"de\",\"@id\":\"https:\/\/offsidetalks.com\/de\/formel-1-2\/mclaren-im-langstreckenrennen\/#primaryimage\",\"url\":\"https:\/\/offsidetalks.com\/wp-content\/uploads\/2025\/04\/5ang8k685zlk5sdfgtn6q36qttk44m3w-large.webp\",\"contentUrl\":\"https:\/\/offsidetalks.com\/wp-content\/uploads\/2025\/04\/5ang8k685zlk5sdfgtn6q36qttk44m3w-large.webp\",\"width\":1280,\"height\":731},{\"@type\":\"BreadcrumbList\",\"@id\":\"https:\/\/offsidetalks.com\/de\/formel-1-2\/mclaren-im-langstreckenrennen\/#breadcrumb\",\"itemListElement\":[{\"@type\":\"ListItem\",\"position\":1,\"name\":\"Offsidetalks.com\",\"item\":\"https:\/\/offsidetalks.com\/de\/\"},{\"@type\":\"ListItem\",\"position\":2,\"name\":\"Formel 1\",\"item\":\"https:\/\/offsidetalks.com\/de\/formel-1-2\/\"},{\"@type\":\"ListItem\",\"position\":3,\"name\":\"McLaren im Langstreckenrennen\"}]},{\"@type\":\"WebSite\",\"@id\":\"https:\/\/offsidetalks.com\/de\/#website\",\"url\":\"https:\/\/offsidetalks.com\/de\/\",\"name\":\"Offsidetalks.com\",\"description\":\"\",\"publisher\":{\"@id\":\"https:\/\/offsidetalks.com\/de\/#organization\"},\"potentialAction\":[{\"@type\":\"SearchAction\",\"target\":{\"@type\":\"EntryPoint\",\"urlTemplate\":\"https:\/\/offsidetalks.com\/de\/?s={search_term_string}\"},\"query-input\":{\"@type\":\"PropertyValueSpecification\",\"valueRequired\":true,\"valueName\":\"search_term_string\"}}],\"inLanguage\":\"de\"},{\"@type\":\"Organization\",\"@id\":\"https:\/\/offsidetalks.com\/de\/#organization\",\"name\":\"Offsidetalks.com\",\"url\":\"https:\/\/offsidetalks.com\/de\/\",\"logo\":{\"@type\":\"ImageObject\",\"inLanguage\":\"de\",\"@id\":\"https:\/\/offsidetalks.com\/de\/#\/schema\/logo\/image\/\",\"url\":\"https:\/\/offsidetalks.com\/wp-content\/uploads\/2025\/05\/Offside-talks-5.png\",\"contentUrl\":\"https:\/\/offsidetalks.com\/wp-content\/uploads\/2025\/05\/Offside-talks-5.png\",\"width\":886,\"height\":428,\"caption\":\"Offsidetalks.com\"},\"image\":{\"@id\":\"https:\/\/offsidetalks.com\/de\/#\/schema\/logo\/image\/\"}},{\"@type\":\"Person\",\"@id\":\"https:\/\/offsidetalks.com\/de\/#\/schema\/person\/13149d754c31a45417ef6d6a501f354d\",\"name\":\"Javier Morales\",\"image\":{\"@type\":\"ImageObject\",\"inLanguage\":\"de\",\"@id\":\"https:\/\/offsidetalks.com\/de\/#\/schema\/person\/image\/\",\"url\":\"https:\/\/secure.gravatar.com\/avatar\/767ce2169df33f3dfac3c77f65946eadfa6549cf86ef24c2cdb9af98f05febc2?s=96&d=mm&r=g\",\"contentUrl\":\"https:\/\/secure.gravatar.com\/avatar\/767ce2169df33f3dfac3c77f65946eadfa6549cf86ef24c2cdb9af98f05febc2?s=96&d=mm&r=g\",\"caption\":\"Javier Morales\"},\"description\":\"I\u2019m Javier Morales, a football journalist with a deep love for the game and a knack for storytelling. Growing up at the core of Barcelona, football was always part of my life, and over the years, that passion led me to focus on LaLiga, where the skill, drama, and style of play never disappoint. I break down matches, highlight standout performances, and keep things real\u2014no overcomplicated stats, just clear and engaging analysis. Whether it\u2019s a rising star making waves or a classic rivalry heating up, I\u2019m here to bring you the best of Spanish football with a laid-back but insightful approach. For me, Barcelona FC all the way!\",\"url\":\"https:\/\/offsidetalks.com\/de\/author\/javier-morales\/\"}]}<\/script>\n<!-- \/ Yoast SEO plugin. -->","yoast_head_json":{"title":"McLaren im Langstreckenrennen - Offsidetalks.com","description":"McLaren wird 2027 in die World Endurance Championship einsteigen und verspricht eine spannende Erweiterung des Teams.","robots":{"index":"noindex","follow":"follow","max-snippet":"max-snippet:-1","max-image-preview":"max-image-preview:large","max-video-preview":"max-video-preview:-1"},"og_locale":"de_DE","og_type":"article","og_title":"McLaren im Langstreckenrennen - Offsidetalks.com","og_description":"McLaren wird 2027 in die World Endurance Championship einsteigen und verspricht eine spannende Erweiterung des Teams.","og_url":"https:\/\/offsidetalks.com\/de\/formel-1-2\/mclaren-im-langstreckenrennen\/","og_site_name":"Offsidetalks.com","article_published_time":"2025-04-11T12:28:04+00:00","og_image":[{"width":1280,"height":731,"url":"https:\/\/offsidetalks.com\/wp-content\/uploads\/2025\/04\/5ang8k685zlk5sdfgtn6q36qttk44m3w-large.webp","type":"image\/webp"}],"author":"Javier Morales","twitter_card":"summary_large_image","twitter_misc":{"Verfasst von":"Javier Morales","Gesch\u00e4tzte Lesezeit":"1\u00a0Minute"},"schema":{"@context":"https:\/\/schema.org","@graph":[{"@type":"Article","@id":"https:\/\/offsidetalks.com\/de\/formel-1-2\/mclaren-im-langstreckenrennen\/#article","isPartOf":{"@id":"https:\/\/offsidetalks.com\/de\/formel-1-2\/mclaren-im-langstreckenrennen\/"},"author":{"name":"Javier Morales","@id":"https:\/\/offsidetalks.com\/de\/#\/schema\/person\/13149d754c31a45417ef6d6a501f354d"},"headline":"McLaren im Langstreckenrennen","datePublished":"2025-04-11T12:28:04+00:00","mainEntityOfPage":{"@id":"https:\/\/offsidetalks.com\/de\/formel-1-2\/mclaren-im-langstreckenrennen\/"},"wordCount":293,"commentCount":0,"publisher":{"@id":"https:\/\/offsidetalks.com\/de\/#organization"},"image":{"@id":"https:\/\/offsidetalks.com\/de\/formel-1-2\/mclaren-im-langstreckenrennen\/#primaryimage"},"thumbnailUrl":"https:\/\/offsidetalks.com\/wp-content\/uploads\/2025\/04\/5ang8k685zlk5sdfgtn6q36qttk44m3w-large.webp","articleSection":["Formel 1"],"inLanguage":"de","potentialAction":[{"@type":"CommentAction","name":"Comment","target":["https:\/\/offsidetalks.com\/de\/formel-1-2\/mclaren-im-langstreckenrennen\/#respond"]}]},{"@type":"WebPage","@id":"https:\/\/offsidetalks.com\/de\/formel-1-2\/mclaren-im-langstreckenrennen\/","url":"https:\/\/offsidetalks.com\/de\/formel-1-2\/mclaren-im-langstreckenrennen\/","name":"McLaren im Langstreckenrennen - Offsidetalks.com","isPartOf":{"@id":"https:\/\/offsidetalks.com\/de\/#website"},"primaryImageOfPage":{"@id":"https:\/\/offsidetalks.com\/de\/formel-1-2\/mclaren-im-langstreckenrennen\/#primaryimage"},"image":{"@id":"https:\/\/offsidetalks.com\/de\/formel-1-2\/mclaren-im-langstreckenrennen\/#primaryimage"},"thumbnailUrl":"https:\/\/offsidetalks.com\/wp-content\/uploads\/2025\/04\/5ang8k685zlk5sdfgtn6q36qttk44m3w-large.webp","datePublished":"2025-04-11T12:28:04+00:00","description":"McLaren wird 2027 in die World Endurance Championship einsteigen und verspricht eine spannende Erweiterung des Teams.","breadcrumb":{"@id":"https:\/\/offsidetalks.com\/de\/formel-1-2\/mclaren-im-langstreckenrennen\/#breadcrumb"},"inLanguage":"de","potentialAction":[{"@type":"ReadAction","target":["https:\/\/offsidetalks.com\/de\/formel-1-2\/mclaren-im-langstreckenrennen\/"]}]},{"@type":"ImageObject","inLanguage":"de","@id":"https:\/\/offsidetalks.com\/de\/formel-1-2\/mclaren-im-langstreckenrennen\/#primaryimage","url":"https:\/\/offsidetalks.com\/wp-content\/uploads\/2025\/04\/5ang8k685zlk5sdfgtn6q36qttk44m3w-large.webp","contentUrl":"https:\/\/offsidetalks.com\/wp-content\/uploads\/2025\/04\/5ang8k685zlk5sdfgtn6q36qttk44m3w-large.webp","width":1280,"height":731},{"@type":"BreadcrumbList","@id":"https:\/\/offsidetalks.com\/de\/formel-1-2\/mclaren-im-langstreckenrennen\/#breadcrumb","itemListElement":[{"@type":"ListItem","position":1,"name":"Offsidetalks.com","item":"https:\/\/offsidetalks.com\/de\/"},{"@type":"ListItem","position":2,"name":"Formel 1","item":"https:\/\/offsidetalks.com\/de\/formel-1-2\/"},{"@type":"ListItem","position":3,"name":"McLaren im Langstreckenrennen"}]},{"@type":"WebSite","@id":"https:\/\/offsidetalks.com\/de\/#website","url":"https:\/\/offsidetalks.com\/de\/","name":"Offsidetalks.com","description":"","publisher":{"@id":"https:\/\/offsidetalks.com\/de\/#organization"},"potentialAction":[{"@type":"SearchAction","target":{"@type":"EntryPoint","urlTemplate":"https:\/\/offsidetalks.com\/de\/?s={search_term_string}"},"query-input":{"@type":"PropertyValueSpecification","valueRequired":true,"valueName":"search_term_string"}}],"inLanguage":"de"},{"@type":"Organization","@id":"https:\/\/offsidetalks.com\/de\/#organization","name":"Offsidetalks.com","url":"https:\/\/offsidetalks.com\/de\/","logo":{"@type":"ImageObject","inLanguage":"de","@id":"https:\/\/offsidetalks.com\/de\/#\/schema\/logo\/image\/","url":"https:\/\/offsidetalks.com\/wp-content\/uploads\/2025\/05\/Offside-talks-5.png","contentUrl":"https:\/\/offsidetalks.com\/wp-content\/uploads\/2025\/05\/Offside-talks-5.png","width":886,"height":428,"caption":"Offsidetalks.com"},"image":{"@id":"https:\/\/offsidetalks.com\/de\/#\/schema\/logo\/image\/"}},{"@type":"Person","@id":"https:\/\/offsidetalks.com\/de\/#\/schema\/person\/13149d754c31a45417ef6d6a501f354d","name":"Javier Morales","image":{"@type":"ImageObject","inLanguage":"de","@id":"https:\/\/offsidetalks.com\/de\/#\/schema\/person\/image\/","url":"https:\/\/secure.gravatar.com\/avatar\/767ce2169df33f3dfac3c77f65946eadfa6549cf86ef24c2cdb9af98f05febc2?s=96&d=mm&r=g","contentUrl":"https:\/\/secure.gravatar.com\/avatar\/767ce2169df33f3dfac3c77f65946eadfa6549cf86ef24c2cdb9af98f05febc2?s=96&d=mm&r=g","caption":"Javier Morales"},"description":"I\u2019m Javier Morales, a football journalist with a deep love for the game and a knack for storytelling. Growing up at the core of Barcelona, football was always part of my life, and over the years, that passion led me to focus on LaLiga, where the skill, drama, and style of play never disappoint. I break down matches, highlight standout performances, and keep things real\u2014no overcomplicated stats, just clear and engaging analysis. Whether it\u2019s a rising star making waves or a classic rivalry heating up, I\u2019m here to bring you the best of Spanish football with a laid-back but insightful approach. For me, Barcelona FC all the way!","url":"https:\/\/offsidetalks.com\/de\/author\/javier-morales\/"}]}},"_links":{"self":[{"href":"https:\/\/offsidetalks.com\/de\/wp-json\/wp\/v2\/posts\/968","targetHints":{"allow":["GET"]}}],"collection":[{"href":"https:\/\/offsidetalks.com\/de\/wp-json\/wp\/v2\/posts"}],"about":[{"href":"https:\/\/offsidetalks.com\/de\/wp-json\/wp\/v2\/types\/post"}],"author":[{"embeddable":true,"href":"https:\/\/offsidetalks.com\/de\/wp-json\/wp\/v2\/users\/6"}],"replies":[{"embeddable":true,"href":"https:\/\/offsidetalks.com\/de\/wp-json\/wp\/v2\/comments?post=968"}],"version-history":[{"count":0,"href":"https:\/\/offsidetalks.com\/de\/wp-json\/wp\/v2\/posts\/968\/revisions"}],"wp:featuredmedia":[{"embeddable":true,"href":"https:\/\/offsidetalks.com\/de\/wp-json\/wp\/v2\/media\/635"}],"wp:attachment":[{"href":"https:\/\/offsidetalks.com\/de\/wp-json\/wp\/v2\/media?parent=968"}],"wp:term":[{"taxonomy":"category","embeddable":true,"href":"https:\/\/offsidetalks.com\/de\/wp-json\/wp\/v2\/categories?post=968"},{"taxonomy":"post_tag","embeddable":true,"href":"https:\/\/offsidetalks.com\/de\/wp-json\/wp\/v2\/tags?post=968"}],"curies":[{"name":"wp","href":"https:\/\/api.w.org\/{rel}","templated":true}]}}