{"id":965,"date":"2025-04-12T08:28:40","date_gmt":"2025-04-12T08:28:40","guid":{"rendered":"https:\/\/offsidetalks.com\/nicht-kategorisiert\/mclaren-fuhrt-vor-bahrain-qualifikation\/"},"modified":"2025-04-12T08:28:40","modified_gmt":"2025-04-12T08:28:40","slug":"mclaren-fuhrt-vor-bahrain-qualifikation","status":"publish","type":"post","link":"https:\/\/offsidetalks.com\/de\/formel-1-2\/mclaren-fuhrt-vor-bahrain-qualifikation\/","title":{"rendered":"McLaren f\u00fchrt vor Bahrain-Qualifikation"},"content":{"rendered":"<h2>Starke Leistung im Training<\/h2>\n<p>Beim letzten Training vor dem Grand Prix von Bahrain zeigten die McLaren-Fahrer Oscar Piastri und Lando Norris beeindruckende Geschwindigkeit. Piastri fuhr mit einer Zeit von 1:31.646 die schnellste Runde und f\u00fchrte die Session an. Diese Leistung unterstreicht McLarens Konkurrenzf\u00e4higkeit in dieser Saison und weist auf ihr Potenzial als starke Anw\u00e4rter f\u00fcr die Qualifikationen hin.<\/p>\n<h2>Verst\u00e4ndnis des Wettbewerbsumfelds<\/h2>\n<p>W\u00e4hrend der Vorteil von McLaren bemerkenswert ist, sind beide Fahrer vorsichtig mit einer Siegesannahme. Piastri bemerkte die knappen Unterschiede, die Erfolg und Misserfolg trennen, und betonte die entscheidende Rolle der Qualifikationsleistung. Beide McLaren-Fahrer erkennen den Druck von erfahrenen Konkurrenten, insbesondere vom amtierenden Champion Max Verstappen, der im Training Achter wurde.<\/p>\n<h2>Herausforderungen beim Reifenmanagement<\/h2>\n<p>Die extremen Temperaturen auf der Strecke von Bahrain erschweren das Handling und das Reifenmanagement, was die Rennstrategien beeinflussen k\u00f6nnte. Norris wies darauf hin, dass Unterschiede in den Rundenzeiten m\u00f6glicherweise keine genaue Darstellung der Rennsituation bieten und potenzielle Probleme bei den Rivalen den Gesamtkontext beeinflussen k\u00f6nnten.<\/p>\n<h2>Erw\u00e4gungen zur Teamstrategie<\/h2>\n<p>Beim \u00dcbergang zum Rennen passt McLaren die Fahrzeugkonfiguration an, um den Komfort der Fahrer und die Vorhersagbarkeit des Autos zu verbessern. Die R\u00fcckmeldungen beider Fahrer sind entscheidend f\u00fcr die Feinabstimmung der Leistung vor den Qualifikationssitzungen, da sie bestrebt sind, ihren Wettbewerbsvorteil zu halten.<\/p>\n<h2>Potenzielle R\u00fcckschl\u00e4ge f\u00fcr Rivalen<\/h2>\n<p>Mehrere Fahrer, darunter Carlos Sainz und Alex Albon, sehen sich mit Strafen konfrontiert, die ihre Rennkonfigurationen beeinflussen k\u00f6nnten. Zudem besteht Sorge hinsichtlich der Zuverl\u00e4ssigkeit anderer Teams, insbesondere Fernando Alonsos Aston Martin, der mit Lenkproblemen zu k\u00e4mpfen hat.<\/p>\n<h2>Zuk\u00fcnftiger Blick auf die Meisterschaft<\/h2>\n<p>W\u00e4hrend sich der Wettbewerb intensiviert, k\u00f6nnte sich McLaren&#8217;s derzeitiger Vorteil schnell \u00e4ndern. Das Team muss kontinuierlich seine Leistung verbessern, um eine starke Position zu sichern. Diese fr\u00fche F\u00fchrung gew\u00e4hrleistet keine Vorherrschaft, sondern deutet auf einen hart umk\u00e4mpften Meisterschaftskampf hin.<\/p>\n<h2>Fazit<\/h2>\n<p>Der Kurs von McLaren in dieser Saison steht unter genauer Beobachtung. Sowohl Norris als auch Piastri erkennen die Risiken hoher Erwartungen und verstehen, dass jede Entscheidung ihre Meisterschaftsambitionen erheblich beeinflussen wird.<\/p>\n","protected":false},"excerpt":{"rendered":"<p>Bei der Formel 1 in Bahrain zeigten Oscar Piastri und Lando Norris im Abschlusstraining bemerkenswerte Leistungen. Obwohl sie die Konkurrenz in Verlegenheit brachten, bleiben Herausforderungen im Reifenmanagement und im strategischen Bereich bestehen. Doch mit der bahnbrechenden Leistung hoffen sie auf eine gute Ausgangslage im Qualifying.<\/p>\n","protected":false},"author":6,"featured_media":623,"comment_status":"open","ping_status":"open","sticky":false,"template":"","format":"standard","meta":{"_acf_changed":false,"_yoast_wpseo_title":"","_yoast_wpseo_metadesc":"McLarens signifikantes Tempo beim Bahrain Grand Prix weckt Erwartungen f\u00fcr die Qualifikation.","_rewrk_id":[],"footnotes":""},"categories":[35],"tags":[],"class_list":["post-965","post","type-post","status-publish","format-standard","has-post-thumbnail","hentry","category-formel-1-2"],"acf":[],"yoast_head":"<!-- This site is optimized with the Yoast SEO plugin v27.0 - https:\/\/yoast.com\/product\/yoast-seo-wordpress\/ -->\n<title>McLaren f\u00fchrt vor Bahrain-Qualifikation - Offsidetalks.com<\/title>\n<meta name=\"description\" content=\"McLarens signifikantes Tempo beim Bahrain Grand Prix weckt Erwartungen f\u00fcr die Qualifikation.\" \/>\n<meta name=\"robots\" content=\"noindex, follow, max-snippet:-1, max-image-preview:large, max-video-preview:-1\" \/>\n<meta property=\"og:locale\" content=\"de_DE\" \/>\n<meta property=\"og:type\" content=\"article\" \/>\n<meta property=\"og:title\" content=\"McLaren f\u00fchrt vor Bahrain-Qualifikation - Offsidetalks.com\" \/>\n<meta property=\"og:description\" content=\"McLarens signifikantes Tempo beim Bahrain Grand Prix weckt Erwartungen f\u00fcr die Qualifikation.\" \/>\n<meta property=\"og:url\" content=\"https:\/\/offsidetalks.com\/de\/formel-1-2\/mclaren-fuhrt-vor-bahrain-qualifikation\/\" \/>\n<meta property=\"og:site_name\" content=\"Offsidetalks.com\" \/>\n<meta property=\"article:published_time\" content=\"2025-04-12T08:28:40+00:00\" \/>\n<meta property=\"og:image\" content=\"https:\/\/offsidetalks.com\/wp-content\/uploads\/2025\/04\/lgr62h1d82iczkkm1gmp1rtizcj9qcaf-large.webp\" \/>\n\t<meta property=\"og:image:width\" content=\"1280\" \/>\n\t<meta property=\"og:image:height\" content=\"731\" \/>\n\t<meta property=\"og:image:type\" content=\"image\/webp\" \/>\n<meta name=\"author\" content=\"Javier Morales\" \/>\n<meta name=\"twitter:card\" content=\"summary_large_image\" \/>\n<meta name=\"twitter:label1\" content=\"Verfasst von\" \/>\n\t<meta name=\"twitter:data1\" content=\"Javier Morales\" \/>\n\t<meta name=\"twitter:label2\" content=\"Gesch\u00e4tzte Lesezeit\" \/>\n\t<meta name=\"twitter:data2\" content=\"2\u00a0Minuten\" \/>\n<script type=\"application\/ld+json\" class=\"yoast-schema-graph\">{\"@context\":\"https:\/\/schema.org\",\"@graph\":[{\"@type\":\"Article\",\"@id\":\"https:\/\/offsidetalks.com\/de\/formel-1-2\/mclaren-fuhrt-vor-bahrain-qualifikation\/#article\",\"isPartOf\":{\"@id\":\"https:\/\/offsidetalks.com\/de\/formel-1-2\/mclaren-fuhrt-vor-bahrain-qualifikation\/\"},\"author\":{\"name\":\"Javier Morales\",\"@id\":\"https:\/\/offsidetalks.com\/de\/#\/schema\/person\/13149d754c31a45417ef6d6a501f354d\"},\"headline\":\"McLaren f\u00fchrt vor Bahrain-Qualifikation\",\"datePublished\":\"2025-04-12T08:28:40+00:00\",\"mainEntityOfPage\":{\"@id\":\"https:\/\/offsidetalks.com\/de\/formel-1-2\/mclaren-fuhrt-vor-bahrain-qualifikation\/\"},\"wordCount\":352,\"commentCount\":0,\"publisher\":{\"@id\":\"https:\/\/offsidetalks.com\/de\/#organization\"},\"image\":{\"@id\":\"https:\/\/offsidetalks.com\/de\/formel-1-2\/mclaren-fuhrt-vor-bahrain-qualifikation\/#primaryimage\"},\"thumbnailUrl\":\"https:\/\/offsidetalks.com\/wp-content\/uploads\/2025\/04\/lgr62h1d82iczkkm1gmp1rtizcj9qcaf-large.webp\",\"articleSection\":[\"Formel 1\"],\"inLanguage\":\"de\",\"potentialAction\":[{\"@type\":\"CommentAction\",\"name\":\"Comment\",\"target\":[\"https:\/\/offsidetalks.com\/de\/formel-1-2\/mclaren-fuhrt-vor-bahrain-qualifikation\/#respond\"]}]},{\"@type\":\"WebPage\",\"@id\":\"https:\/\/offsidetalks.com\/de\/formel-1-2\/mclaren-fuhrt-vor-bahrain-qualifikation\/\",\"url\":\"https:\/\/offsidetalks.com\/de\/formel-1-2\/mclaren-fuhrt-vor-bahrain-qualifikation\/\",\"name\":\"McLaren f\u00fchrt vor Bahrain-Qualifikation - Offsidetalks.com\",\"isPartOf\":{\"@id\":\"https:\/\/offsidetalks.com\/de\/#website\"},\"primaryImageOfPage\":{\"@id\":\"https:\/\/offsidetalks.com\/de\/formel-1-2\/mclaren-fuhrt-vor-bahrain-qualifikation\/#primaryimage\"},\"image\":{\"@id\":\"https:\/\/offsidetalks.com\/de\/formel-1-2\/mclaren-fuhrt-vor-bahrain-qualifikation\/#primaryimage\"},\"thumbnailUrl\":\"https:\/\/offsidetalks.com\/wp-content\/uploads\/2025\/04\/lgr62h1d82iczkkm1gmp1rtizcj9qcaf-large.webp\",\"datePublished\":\"2025-04-12T08:28:40+00:00\",\"description\":\"McLarens signifikantes Tempo beim Bahrain Grand Prix weckt Erwartungen f\u00fcr die Qualifikation.\",\"breadcrumb\":{\"@id\":\"https:\/\/offsidetalks.com\/de\/formel-1-2\/mclaren-fuhrt-vor-bahrain-qualifikation\/#breadcrumb\"},\"inLanguage\":\"de\",\"potentialAction\":[{\"@type\":\"ReadAction\",\"target\":[\"https:\/\/offsidetalks.com\/de\/formel-1-2\/mclaren-fuhrt-vor-bahrain-qualifikation\/\"]}]},{\"@type\":\"ImageObject\",\"inLanguage\":\"de\",\"@id\":\"https:\/\/offsidetalks.com\/de\/formel-1-2\/mclaren-fuhrt-vor-bahrain-qualifikation\/#primaryimage\",\"url\":\"https:\/\/offsidetalks.com\/wp-content\/uploads\/2025\/04\/lgr62h1d82iczkkm1gmp1rtizcj9qcaf-large.webp\",\"contentUrl\":\"https:\/\/offsidetalks.com\/wp-content\/uploads\/2025\/04\/lgr62h1d82iczkkm1gmp1rtizcj9qcaf-large.webp\",\"width\":1280,\"height\":731},{\"@type\":\"BreadcrumbList\",\"@id\":\"https:\/\/offsidetalks.com\/de\/formel-1-2\/mclaren-fuhrt-vor-bahrain-qualifikation\/#breadcrumb\",\"itemListElement\":[{\"@type\":\"ListItem\",\"position\":1,\"name\":\"Offsidetalks.com\",\"item\":\"https:\/\/offsidetalks.com\/de\/\"},{\"@type\":\"ListItem\",\"position\":2,\"name\":\"Formel 1\",\"item\":\"https:\/\/offsidetalks.com\/de\/formel-1-2\/\"},{\"@type\":\"ListItem\",\"position\":3,\"name\":\"McLaren f\u00fchrt vor Bahrain-Qualifikation\"}]},{\"@type\":\"WebSite\",\"@id\":\"https:\/\/offsidetalks.com\/de\/#website\",\"url\":\"https:\/\/offsidetalks.com\/de\/\",\"name\":\"Offsidetalks.com\",\"description\":\"\",\"publisher\":{\"@id\":\"https:\/\/offsidetalks.com\/de\/#organization\"},\"potentialAction\":[{\"@type\":\"SearchAction\",\"target\":{\"@type\":\"EntryPoint\",\"urlTemplate\":\"https:\/\/offsidetalks.com\/de\/?s={search_term_string}\"},\"query-input\":{\"@type\":\"PropertyValueSpecification\",\"valueRequired\":true,\"valueName\":\"search_term_string\"}}],\"inLanguage\":\"de\"},{\"@type\":\"Organization\",\"@id\":\"https:\/\/offsidetalks.com\/de\/#organization\",\"name\":\"Offsidetalks.com\",\"url\":\"https:\/\/offsidetalks.com\/de\/\",\"logo\":{\"@type\":\"ImageObject\",\"inLanguage\":\"de\",\"@id\":\"https:\/\/offsidetalks.com\/de\/#\/schema\/logo\/image\/\",\"url\":\"https:\/\/offsidetalks.com\/wp-content\/uploads\/2025\/05\/Offside-talks-5.png\",\"contentUrl\":\"https:\/\/offsidetalks.com\/wp-content\/uploads\/2025\/05\/Offside-talks-5.png\",\"width\":886,\"height\":428,\"caption\":\"Offsidetalks.com\"},\"image\":{\"@id\":\"https:\/\/offsidetalks.com\/de\/#\/schema\/logo\/image\/\"}},{\"@type\":\"Person\",\"@id\":\"https:\/\/offsidetalks.com\/de\/#\/schema\/person\/13149d754c31a45417ef6d6a501f354d\",\"name\":\"Javier Morales\",\"image\":{\"@type\":\"ImageObject\",\"inLanguage\":\"de\",\"@id\":\"https:\/\/offsidetalks.com\/de\/#\/schema\/person\/image\/\",\"url\":\"https:\/\/secure.gravatar.com\/avatar\/767ce2169df33f3dfac3c77f65946eadfa6549cf86ef24c2cdb9af98f05febc2?s=96&d=mm&r=g\",\"contentUrl\":\"https:\/\/secure.gravatar.com\/avatar\/767ce2169df33f3dfac3c77f65946eadfa6549cf86ef24c2cdb9af98f05febc2?s=96&d=mm&r=g\",\"caption\":\"Javier Morales\"},\"description\":\"I\u2019m Javier Morales, a football journalist with a deep love for the game and a knack for storytelling. Growing up at the core of Barcelona, football was always part of my life, and over the years, that passion led me to focus on LaLiga, where the skill, drama, and style of play never disappoint. I break down matches, highlight standout performances, and keep things real\u2014no overcomplicated stats, just clear and engaging analysis. Whether it\u2019s a rising star making waves or a classic rivalry heating up, I\u2019m here to bring you the best of Spanish football with a laid-back but insightful approach. For me, Barcelona FC all the way!\",\"url\":\"https:\/\/offsidetalks.com\/de\/author\/javier-morales\/\"}]}<\/script>\n<!-- \/ Yoast SEO plugin. -->","yoast_head_json":{"title":"McLaren f\u00fchrt vor Bahrain-Qualifikation - Offsidetalks.com","description":"McLarens signifikantes Tempo beim Bahrain Grand Prix weckt Erwartungen f\u00fcr die Qualifikation.","robots":{"index":"noindex","follow":"follow","max-snippet":"max-snippet:-1","max-image-preview":"max-image-preview:large","max-video-preview":"max-video-preview:-1"},"og_locale":"de_DE","og_type":"article","og_title":"McLaren f\u00fchrt vor Bahrain-Qualifikation - Offsidetalks.com","og_description":"McLarens signifikantes Tempo beim Bahrain Grand Prix weckt Erwartungen f\u00fcr die Qualifikation.","og_url":"https:\/\/offsidetalks.com\/de\/formel-1-2\/mclaren-fuhrt-vor-bahrain-qualifikation\/","og_site_name":"Offsidetalks.com","article_published_time":"2025-04-12T08:28:40+00:00","og_image":[{"width":1280,"height":731,"url":"https:\/\/offsidetalks.com\/wp-content\/uploads\/2025\/04\/lgr62h1d82iczkkm1gmp1rtizcj9qcaf-large.webp","type":"image\/webp"}],"author":"Javier Morales","twitter_card":"summary_large_image","twitter_misc":{"Verfasst von":"Javier Morales","Gesch\u00e4tzte Lesezeit":"2\u00a0Minuten"},"schema":{"@context":"https:\/\/schema.org","@graph":[{"@type":"Article","@id":"https:\/\/offsidetalks.com\/de\/formel-1-2\/mclaren-fuhrt-vor-bahrain-qualifikation\/#article","isPartOf":{"@id":"https:\/\/offsidetalks.com\/de\/formel-1-2\/mclaren-fuhrt-vor-bahrain-qualifikation\/"},"author":{"name":"Javier Morales","@id":"https:\/\/offsidetalks.com\/de\/#\/schema\/person\/13149d754c31a45417ef6d6a501f354d"},"headline":"McLaren f\u00fchrt vor Bahrain-Qualifikation","datePublished":"2025-04-12T08:28:40+00:00","mainEntityOfPage":{"@id":"https:\/\/offsidetalks.com\/de\/formel-1-2\/mclaren-fuhrt-vor-bahrain-qualifikation\/"},"wordCount":352,"commentCount":0,"publisher":{"@id":"https:\/\/offsidetalks.com\/de\/#organization"},"image":{"@id":"https:\/\/offsidetalks.com\/de\/formel-1-2\/mclaren-fuhrt-vor-bahrain-qualifikation\/#primaryimage"},"thumbnailUrl":"https:\/\/offsidetalks.com\/wp-content\/uploads\/2025\/04\/lgr62h1d82iczkkm1gmp1rtizcj9qcaf-large.webp","articleSection":["Formel 1"],"inLanguage":"de","potentialAction":[{"@type":"CommentAction","name":"Comment","target":["https:\/\/offsidetalks.com\/de\/formel-1-2\/mclaren-fuhrt-vor-bahrain-qualifikation\/#respond"]}]},{"@type":"WebPage","@id":"https:\/\/offsidetalks.com\/de\/formel-1-2\/mclaren-fuhrt-vor-bahrain-qualifikation\/","url":"https:\/\/offsidetalks.com\/de\/formel-1-2\/mclaren-fuhrt-vor-bahrain-qualifikation\/","name":"McLaren f\u00fchrt vor Bahrain-Qualifikation - Offsidetalks.com","isPartOf":{"@id":"https:\/\/offsidetalks.com\/de\/#website"},"primaryImageOfPage":{"@id":"https:\/\/offsidetalks.com\/de\/formel-1-2\/mclaren-fuhrt-vor-bahrain-qualifikation\/#primaryimage"},"image":{"@id":"https:\/\/offsidetalks.com\/de\/formel-1-2\/mclaren-fuhrt-vor-bahrain-qualifikation\/#primaryimage"},"thumbnailUrl":"https:\/\/offsidetalks.com\/wp-content\/uploads\/2025\/04\/lgr62h1d82iczkkm1gmp1rtizcj9qcaf-large.webp","datePublished":"2025-04-12T08:28:40+00:00","description":"McLarens signifikantes Tempo beim Bahrain Grand Prix weckt Erwartungen f\u00fcr die Qualifikation.","breadcrumb":{"@id":"https:\/\/offsidetalks.com\/de\/formel-1-2\/mclaren-fuhrt-vor-bahrain-qualifikation\/#breadcrumb"},"inLanguage":"de","potentialAction":[{"@type":"ReadAction","target":["https:\/\/offsidetalks.com\/de\/formel-1-2\/mclaren-fuhrt-vor-bahrain-qualifikation\/"]}]},{"@type":"ImageObject","inLanguage":"de","@id":"https:\/\/offsidetalks.com\/de\/formel-1-2\/mclaren-fuhrt-vor-bahrain-qualifikation\/#primaryimage","url":"https:\/\/offsidetalks.com\/wp-content\/uploads\/2025\/04\/lgr62h1d82iczkkm1gmp1rtizcj9qcaf-large.webp","contentUrl":"https:\/\/offsidetalks.com\/wp-content\/uploads\/2025\/04\/lgr62h1d82iczkkm1gmp1rtizcj9qcaf-large.webp","width":1280,"height":731},{"@type":"BreadcrumbList","@id":"https:\/\/offsidetalks.com\/de\/formel-1-2\/mclaren-fuhrt-vor-bahrain-qualifikation\/#breadcrumb","itemListElement":[{"@type":"ListItem","position":1,"name":"Offsidetalks.com","item":"https:\/\/offsidetalks.com\/de\/"},{"@type":"ListItem","position":2,"name":"Formel 1","item":"https:\/\/offsidetalks.com\/de\/formel-1-2\/"},{"@type":"ListItem","position":3,"name":"McLaren f\u00fchrt vor Bahrain-Qualifikation"}]},{"@type":"WebSite","@id":"https:\/\/offsidetalks.com\/de\/#website","url":"https:\/\/offsidetalks.com\/de\/","name":"Offsidetalks.com","description":"","publisher":{"@id":"https:\/\/offsidetalks.com\/de\/#organization"},"potentialAction":[{"@type":"SearchAction","target":{"@type":"EntryPoint","urlTemplate":"https:\/\/offsidetalks.com\/de\/?s={search_term_string}"},"query-input":{"@type":"PropertyValueSpecification","valueRequired":true,"valueName":"search_term_string"}}],"inLanguage":"de"},{"@type":"Organization","@id":"https:\/\/offsidetalks.com\/de\/#organization","name":"Offsidetalks.com","url":"https:\/\/offsidetalks.com\/de\/","logo":{"@type":"ImageObject","inLanguage":"de","@id":"https:\/\/offsidetalks.com\/de\/#\/schema\/logo\/image\/","url":"https:\/\/offsidetalks.com\/wp-content\/uploads\/2025\/05\/Offside-talks-5.png","contentUrl":"https:\/\/offsidetalks.com\/wp-content\/uploads\/2025\/05\/Offside-talks-5.png","width":886,"height":428,"caption":"Offsidetalks.com"},"image":{"@id":"https:\/\/offsidetalks.com\/de\/#\/schema\/logo\/image\/"}},{"@type":"Person","@id":"https:\/\/offsidetalks.com\/de\/#\/schema\/person\/13149d754c31a45417ef6d6a501f354d","name":"Javier Morales","image":{"@type":"ImageObject","inLanguage":"de","@id":"https:\/\/offsidetalks.com\/de\/#\/schema\/person\/image\/","url":"https:\/\/secure.gravatar.com\/avatar\/767ce2169df33f3dfac3c77f65946eadfa6549cf86ef24c2cdb9af98f05febc2?s=96&d=mm&r=g","contentUrl":"https:\/\/secure.gravatar.com\/avatar\/767ce2169df33f3dfac3c77f65946eadfa6549cf86ef24c2cdb9af98f05febc2?s=96&d=mm&r=g","caption":"Javier Morales"},"description":"I\u2019m Javier Morales, a football journalist with a deep love for the game and a knack for storytelling. Growing up at the core of Barcelona, football was always part of my life, and over the years, that passion led me to focus on LaLiga, where the skill, drama, and style of play never disappoint. I break down matches, highlight standout performances, and keep things real\u2014no overcomplicated stats, just clear and engaging analysis. Whether it\u2019s a rising star making waves or a classic rivalry heating up, I\u2019m here to bring you the best of Spanish football with a laid-back but insightful approach. For me, Barcelona FC all the way!","url":"https:\/\/offsidetalks.com\/de\/author\/javier-morales\/"}]}},"_links":{"self":[{"href":"https:\/\/offsidetalks.com\/de\/wp-json\/wp\/v2\/posts\/965","targetHints":{"allow":["GET"]}}],"collection":[{"href":"https:\/\/offsidetalks.com\/de\/wp-json\/wp\/v2\/posts"}],"about":[{"href":"https:\/\/offsidetalks.com\/de\/wp-json\/wp\/v2\/types\/post"}],"author":[{"embeddable":true,"href":"https:\/\/offsidetalks.com\/de\/wp-json\/wp\/v2\/users\/6"}],"replies":[{"embeddable":true,"href":"https:\/\/offsidetalks.com\/de\/wp-json\/wp\/v2\/comments?post=965"}],"version-history":[{"count":0,"href":"https:\/\/offsidetalks.com\/de\/wp-json\/wp\/v2\/posts\/965\/revisions"}],"wp:featuredmedia":[{"embeddable":true,"href":"https:\/\/offsidetalks.com\/de\/wp-json\/wp\/v2\/media\/623"}],"wp:attachment":[{"href":"https:\/\/offsidetalks.com\/de\/wp-json\/wp\/v2\/media?parent=965"}],"wp:term":[{"taxonomy":"category","embeddable":true,"href":"https:\/\/offsidetalks.com\/de\/wp-json\/wp\/v2\/categories?post=965"},{"taxonomy":"post_tag","embeddable":true,"href":"https:\/\/offsidetalks.com\/de\/wp-json\/wp\/v2\/tags?post=965"}],"curies":[{"name":"wp","href":"https:\/\/api.w.org\/{rel}","templated":true}]}}