{"id":964,"date":"2025-04-12T12:04:31","date_gmt":"2025-04-12T12:04:31","guid":{"rendered":"https:\/\/offsidetalks.com\/nicht-kategorisiert\/verstappen-hat-schwierigkeiten-in-der-qualifikation-zum-bahrain-grand-prix\/"},"modified":"2025-04-12T12:04:31","modified_gmt":"2025-04-12T12:04:31","slug":"verstappen-hat-schwierigkeiten-in-der-qualifikation-zum-bahrain-grand-prix","status":"publish","type":"post","link":"https:\/\/offsidetalks.com\/de\/formel-1-2\/verstappen-hat-schwierigkeiten-in-der-qualifikation-zum-bahrain-grand-prix\/","title":{"rendered":"Verstappen hat Schwierigkeiten in der Qualifikation zum Bahrain Grand Prix"},"content":{"rendered":"<p>W\u00e4hrend der letzten Qualifikation f\u00fcr den Bahrain Grand Prix stie\u00df Max Verstappen auf erhebliche Herausforderungen aufgrund der Bremsleistung seines Autos, was seine Gesamtergebnisse beeintr\u00e4chtigte. Er qualifizierte sich auf dem siebten Platz, was seine niedrigste Startposition seit dem Rennen in Brasilien letzte Saison markierte und hinter seinem Konkurrenten Lando Norris lag.<\/p>\n<h2>Bremseprobleme beeintr\u00e4chtigen die Leistung<\/h2>\n<p>Die Anpassungen von Red Bull Racing, die darauf abzielen, Verstappens Auto zu verbessern, f\u00fchrten unerwartet zu erheblichen Bremsproblemen. Im Gegensatz dazu sicherte sich sein Teamkollege Yuki Tsunoda einen Platz unter den Top Ten, ohne dass Probleme gemeldet wurden. Dies deutet darauf hin, dass das Problem spezifisch f\u00fcr Verstappens Fahrzeug war. Verstappen \u00e4u\u00dferte seine Frustration \u00fcber die Bremsprobleme und bemerkte, dass ihm dadurch wahrscheinlich eine st\u00e4rkere Qualifikationsleistung entgangen ist.<\/p>\n<h2>Tsunodas konstante Leistung<\/h2>\n<p>Tsunodas Qualifikationsleistung stach hervor und spiegelte seine Entwicklung seit seiner R\u00fcckkehr zu Red Bull wider. Er konzentriert sich darauf, seine Position im Team zu festigen und strebt an, seine Qualifikationsergebnisse in zuk\u00fcnftigen Rennen weiter zu verbessern.<\/p>\n<h2>Fahrer mit Herausforderungen<\/h2>\n<p>Unterdessen stellt sich Liam Lawson nach seinem Austausch gegen Tsunoda um, w\u00e4hrend der Neuling Isack Hadjar wettbewerbsf\u00e4hige F\u00e4higkeiten gezeigt hat, was auf potenzielle Punktchancen in bevorstehenden Rennen hindeutet.<\/p>\n<h2>Beobachtete Kommunikationsprobleme<\/h2>\n<p>Tsunoda r\u00e4umte ein, dass Missverst\u00e4ndnisse im Team von Red Bull seine Leistung beeintr\u00e4chtigten und zu langsameren Rundenzeiten im Vergleich zu Verstappen f\u00fchrten. Er betonte die Wichtigkeit verbesserter Zusammenarbeit, um die Leistung w\u00e4hrend der Saison zu optimieren, wobei effektive Kommunikation entscheidend f\u00fcr die strategische Planung ist.<\/p>\n<h2>Weitere Highlights der Qualifikation<\/h2>\n<p>Oscar Piastri stellte die schnellste Zeit auf und erreichte die Pole Position f\u00fcr den Bahrain Grand Prix mit einer Runde von 1:29.841. Ihm folgte George Russell von Mercedes und Charles Leclerc von Ferrari. Mehrere Fahrer hatten mit schwierigen Streckenbedingungen zu k\u00e4mpfen, darunter Norris, der seine Leistung entt\u00e4uschend fand.<\/p>\n<h2>Die Zukunft im Blick<\/h2>\n<p>W\u00e4hrend sich die Teams auf das Rennen vorbereiten, gibt es laufende Diskussionen \u00fcber m\u00f6gliche regulatorische \u00c4nderungen, die Motorformate und das Wettbewerbsverh\u00e4ltnis in zuk\u00fcnftigen F1-Saisons beeinflussen k\u00f6nnten. Diese erwarteten Modifikationen k\u00f6nnten die Landschaft des Sports erheblich umgestalten.<\/p>\n<h2>Schlussfolgerung<\/h2>\n<p>Die Qualifikationsrunde zum Bahrain Grand Prix unterstrich verschiedene Herausforderungen f\u00fcr Verstappen und Tsunoda, wobei die Teamdynamik und bevorstehende regulatorische Anpassungen eine entscheidende Rolle im Verlauf der Saison spielen d\u00fcrften.<\/p>\n","protected":false},"excerpt":{"rendered":"<p>Max Verstappen stie\u00df w\u00e4hrend der Qualifikation zum Bahrain Grand Prix auf Bremsprobleme und belegte den siebten Platz. Teamkollege Yuki Tsunoda zeigte eine beeindruckende Leistung, was individuelle Unterschiede im Team verdeutlicht. Der Lauf war gepr\u00e4gt von Kommunikationsproblemen und dem Einfluss bevorstehender regulatorischer \u00c4nderungen auf zuk\u00fcnftige Strategien.<\/p>\n","protected":false},"author":5,"featured_media":619,"comment_status":"open","ping_status":"open","sticky":false,"template":"","format":"standard","meta":{"_acf_changed":false,"_yoast_wpseo_title":"","_yoast_wpseo_metadesc":"Max Verstappen hatte Schwierigkeiten w\u00e4hrend der Qualifikation zum Bahrain Grand Prix und belegte den siebten Platz.","_rewrk_id":[],"footnotes":""},"categories":[35],"tags":[],"class_list":["post-964","post","type-post","status-publish","format-standard","has-post-thumbnail","hentry","category-formel-1-2"],"acf":[],"yoast_head":"<!-- This site is optimized with the Yoast SEO plugin v27.0 - https:\/\/yoast.com\/product\/yoast-seo-wordpress\/ -->\n<title>Verstappen hat Schwierigkeiten in der Qualifikation zum Bahrain Grand Prix - Offsidetalks.com<\/title>\n<meta name=\"description\" content=\"Max Verstappen hatte Schwierigkeiten w\u00e4hrend der Qualifikation zum Bahrain Grand Prix und belegte den siebten Platz.\" \/>\n<meta name=\"robots\" content=\"noindex, follow, max-snippet:-1, max-image-preview:large, max-video-preview:-1\" \/>\n<meta property=\"og:locale\" content=\"de_DE\" \/>\n<meta property=\"og:type\" content=\"article\" \/>\n<meta property=\"og:title\" content=\"Verstappen hat Schwierigkeiten in der Qualifikation zum Bahrain Grand Prix - Offsidetalks.com\" \/>\n<meta property=\"og:description\" content=\"Max Verstappen hatte Schwierigkeiten w\u00e4hrend der Qualifikation zum Bahrain Grand Prix und belegte den siebten Platz.\" \/>\n<meta property=\"og:url\" content=\"https:\/\/offsidetalks.com\/de\/formel-1-2\/verstappen-hat-schwierigkeiten-in-der-qualifikation-zum-bahrain-grand-prix\/\" \/>\n<meta property=\"og:site_name\" content=\"Offsidetalks.com\" \/>\n<meta property=\"article:published_time\" content=\"2025-04-12T12:04:31+00:00\" \/>\n<meta property=\"og:image\" content=\"https:\/\/offsidetalks.com\/wp-content\/uploads\/2025\/04\/e4yteivdpssofoxxhy2wy9e01fkls4bw-large.webp\" \/>\n\t<meta property=\"og:image:width\" content=\"1280\" \/>\n\t<meta property=\"og:image:height\" content=\"731\" \/>\n\t<meta property=\"og:image:type\" content=\"image\/webp\" \/>\n<meta name=\"author\" content=\"Daniel Evans\" \/>\n<meta name=\"twitter:card\" content=\"summary_large_image\" \/>\n<meta name=\"twitter:label1\" content=\"Verfasst von\" \/>\n\t<meta name=\"twitter:data1\" content=\"Daniel Evans\" \/>\n\t<meta name=\"twitter:label2\" content=\"Gesch\u00e4tzte Lesezeit\" \/>\n\t<meta name=\"twitter:data2\" content=\"2\u00a0Minuten\" \/>\n<script type=\"application\/ld+json\" class=\"yoast-schema-graph\">{\"@context\":\"https:\/\/schema.org\",\"@graph\":[{\"@type\":\"Article\",\"@id\":\"https:\/\/offsidetalks.com\/de\/formel-1-2\/verstappen-hat-schwierigkeiten-in-der-qualifikation-zum-bahrain-grand-prix\/#article\",\"isPartOf\":{\"@id\":\"https:\/\/offsidetalks.com\/de\/formel-1-2\/verstappen-hat-schwierigkeiten-in-der-qualifikation-zum-bahrain-grand-prix\/\"},\"author\":{\"name\":\"Daniel Evans\",\"@id\":\"https:\/\/offsidetalks.com\/de\/#\/schema\/person\/521e482ea0b788420a5a28f9560b129f\"},\"headline\":\"Verstappen hat Schwierigkeiten in der Qualifikation zum Bahrain Grand Prix\",\"datePublished\":\"2025-04-12T12:04:31+00:00\",\"mainEntityOfPage\":{\"@id\":\"https:\/\/offsidetalks.com\/de\/formel-1-2\/verstappen-hat-schwierigkeiten-in-der-qualifikation-zum-bahrain-grand-prix\/\"},\"wordCount\":401,\"commentCount\":0,\"publisher\":{\"@id\":\"https:\/\/offsidetalks.com\/de\/#organization\"},\"image\":{\"@id\":\"https:\/\/offsidetalks.com\/de\/formel-1-2\/verstappen-hat-schwierigkeiten-in-der-qualifikation-zum-bahrain-grand-prix\/#primaryimage\"},\"thumbnailUrl\":\"https:\/\/offsidetalks.com\/wp-content\/uploads\/2025\/04\/e4yteivdpssofoxxhy2wy9e01fkls4bw-large.webp\",\"articleSection\":[\"Formel 1\"],\"inLanguage\":\"de\",\"potentialAction\":[{\"@type\":\"CommentAction\",\"name\":\"Comment\",\"target\":[\"https:\/\/offsidetalks.com\/de\/formel-1-2\/verstappen-hat-schwierigkeiten-in-der-qualifikation-zum-bahrain-grand-prix\/#respond\"]}]},{\"@type\":\"WebPage\",\"@id\":\"https:\/\/offsidetalks.com\/de\/formel-1-2\/verstappen-hat-schwierigkeiten-in-der-qualifikation-zum-bahrain-grand-prix\/\",\"url\":\"https:\/\/offsidetalks.com\/de\/formel-1-2\/verstappen-hat-schwierigkeiten-in-der-qualifikation-zum-bahrain-grand-prix\/\",\"name\":\"Verstappen hat Schwierigkeiten in der Qualifikation zum Bahrain Grand Prix - Offsidetalks.com\",\"isPartOf\":{\"@id\":\"https:\/\/offsidetalks.com\/de\/#website\"},\"primaryImageOfPage\":{\"@id\":\"https:\/\/offsidetalks.com\/de\/formel-1-2\/verstappen-hat-schwierigkeiten-in-der-qualifikation-zum-bahrain-grand-prix\/#primaryimage\"},\"image\":{\"@id\":\"https:\/\/offsidetalks.com\/de\/formel-1-2\/verstappen-hat-schwierigkeiten-in-der-qualifikation-zum-bahrain-grand-prix\/#primaryimage\"},\"thumbnailUrl\":\"https:\/\/offsidetalks.com\/wp-content\/uploads\/2025\/04\/e4yteivdpssofoxxhy2wy9e01fkls4bw-large.webp\",\"datePublished\":\"2025-04-12T12:04:31+00:00\",\"description\":\"Max Verstappen hatte Schwierigkeiten w\u00e4hrend der Qualifikation zum Bahrain Grand Prix und belegte den siebten Platz.\",\"breadcrumb\":{\"@id\":\"https:\/\/offsidetalks.com\/de\/formel-1-2\/verstappen-hat-schwierigkeiten-in-der-qualifikation-zum-bahrain-grand-prix\/#breadcrumb\"},\"inLanguage\":\"de\",\"potentialAction\":[{\"@type\":\"ReadAction\",\"target\":[\"https:\/\/offsidetalks.com\/de\/formel-1-2\/verstappen-hat-schwierigkeiten-in-der-qualifikation-zum-bahrain-grand-prix\/\"]}]},{\"@type\":\"ImageObject\",\"inLanguage\":\"de\",\"@id\":\"https:\/\/offsidetalks.com\/de\/formel-1-2\/verstappen-hat-schwierigkeiten-in-der-qualifikation-zum-bahrain-grand-prix\/#primaryimage\",\"url\":\"https:\/\/offsidetalks.com\/wp-content\/uploads\/2025\/04\/e4yteivdpssofoxxhy2wy9e01fkls4bw-large.webp\",\"contentUrl\":\"https:\/\/offsidetalks.com\/wp-content\/uploads\/2025\/04\/e4yteivdpssofoxxhy2wy9e01fkls4bw-large.webp\",\"width\":1280,\"height\":731},{\"@type\":\"BreadcrumbList\",\"@id\":\"https:\/\/offsidetalks.com\/de\/formel-1-2\/verstappen-hat-schwierigkeiten-in-der-qualifikation-zum-bahrain-grand-prix\/#breadcrumb\",\"itemListElement\":[{\"@type\":\"ListItem\",\"position\":1,\"name\":\"Offsidetalks.com\",\"item\":\"https:\/\/offsidetalks.com\/de\/\"},{\"@type\":\"ListItem\",\"position\":2,\"name\":\"Formel 1\",\"item\":\"https:\/\/offsidetalks.com\/de\/formel-1-2\/\"},{\"@type\":\"ListItem\",\"position\":3,\"name\":\"Verstappen hat Schwierigkeiten in der Qualifikation zum Bahrain Grand Prix\"}]},{\"@type\":\"WebSite\",\"@id\":\"https:\/\/offsidetalks.com\/de\/#website\",\"url\":\"https:\/\/offsidetalks.com\/de\/\",\"name\":\"Offsidetalks.com\",\"description\":\"\",\"publisher\":{\"@id\":\"https:\/\/offsidetalks.com\/de\/#organization\"},\"potentialAction\":[{\"@type\":\"SearchAction\",\"target\":{\"@type\":\"EntryPoint\",\"urlTemplate\":\"https:\/\/offsidetalks.com\/de\/?s={search_term_string}\"},\"query-input\":{\"@type\":\"PropertyValueSpecification\",\"valueRequired\":true,\"valueName\":\"search_term_string\"}}],\"inLanguage\":\"de\"},{\"@type\":\"Organization\",\"@id\":\"https:\/\/offsidetalks.com\/de\/#organization\",\"name\":\"Offsidetalks.com\",\"url\":\"https:\/\/offsidetalks.com\/de\/\",\"logo\":{\"@type\":\"ImageObject\",\"inLanguage\":\"de\",\"@id\":\"https:\/\/offsidetalks.com\/de\/#\/schema\/logo\/image\/\",\"url\":\"https:\/\/offsidetalks.com\/wp-content\/uploads\/2025\/05\/Offside-talks-5.png\",\"contentUrl\":\"https:\/\/offsidetalks.com\/wp-content\/uploads\/2025\/05\/Offside-talks-5.png\",\"width\":886,\"height\":428,\"caption\":\"Offsidetalks.com\"},\"image\":{\"@id\":\"https:\/\/offsidetalks.com\/de\/#\/schema\/logo\/image\/\"}},{\"@type\":\"Person\",\"@id\":\"https:\/\/offsidetalks.com\/de\/#\/schema\/person\/521e482ea0b788420a5a28f9560b129f\",\"name\":\"Daniel Evans\",\"image\":{\"@type\":\"ImageObject\",\"inLanguage\":\"de\",\"@id\":\"https:\/\/offsidetalks.com\/de\/#\/schema\/person\/image\/\",\"url\":\"https:\/\/secure.gravatar.com\/avatar\/4427528f666d5e2db5bdad6c04e1b7fc58b52410509d4f9293ce215a2d73547c?s=96&d=mm&r=g\",\"contentUrl\":\"https:\/\/secure.gravatar.com\/avatar\/4427528f666d5e2db5bdad6c04e1b7fc58b52410509d4f9293ce215a2d73547c?s=96&d=mm&r=g\",\"caption\":\"Daniel Evans\"},\"description\":\"I'm Daniel Evans, a passionate football journalist with deep roots in the game. Born and raised in the greater London metropolitan area, my love for football started early and became a driving force in my career. A year studying abroad in Hamburg, Germany, solidified my focus on both the Premier League and the Bundesliga, where I break down key moments, analyze performances, and deliver in-depth coverage. With a keen eye for tactics and a dedication to storytelling, I keep fans engaged with expert insights from England to Germany and beyond. Favourite teams are Leicester City F.C. and Hamburger SV. If the two meet? Leicester City!\",\"url\":\"https:\/\/offsidetalks.com\/de\/author\/daniels-evans\/\"}]}<\/script>\n<!-- \/ Yoast SEO plugin. -->","yoast_head_json":{"title":"Verstappen hat Schwierigkeiten in der Qualifikation zum Bahrain Grand Prix - Offsidetalks.com","description":"Max Verstappen hatte Schwierigkeiten w\u00e4hrend der Qualifikation zum Bahrain Grand Prix und belegte den siebten Platz.","robots":{"index":"noindex","follow":"follow","max-snippet":"max-snippet:-1","max-image-preview":"max-image-preview:large","max-video-preview":"max-video-preview:-1"},"og_locale":"de_DE","og_type":"article","og_title":"Verstappen hat Schwierigkeiten in der Qualifikation zum Bahrain Grand Prix - Offsidetalks.com","og_description":"Max Verstappen hatte Schwierigkeiten w\u00e4hrend der Qualifikation zum Bahrain Grand Prix und belegte den siebten Platz.","og_url":"https:\/\/offsidetalks.com\/de\/formel-1-2\/verstappen-hat-schwierigkeiten-in-der-qualifikation-zum-bahrain-grand-prix\/","og_site_name":"Offsidetalks.com","article_published_time":"2025-04-12T12:04:31+00:00","og_image":[{"width":1280,"height":731,"url":"https:\/\/offsidetalks.com\/wp-content\/uploads\/2025\/04\/e4yteivdpssofoxxhy2wy9e01fkls4bw-large.webp","type":"image\/webp"}],"author":"Daniel Evans","twitter_card":"summary_large_image","twitter_misc":{"Verfasst von":"Daniel Evans","Gesch\u00e4tzte Lesezeit":"2\u00a0Minuten"},"schema":{"@context":"https:\/\/schema.org","@graph":[{"@type":"Article","@id":"https:\/\/offsidetalks.com\/de\/formel-1-2\/verstappen-hat-schwierigkeiten-in-der-qualifikation-zum-bahrain-grand-prix\/#article","isPartOf":{"@id":"https:\/\/offsidetalks.com\/de\/formel-1-2\/verstappen-hat-schwierigkeiten-in-der-qualifikation-zum-bahrain-grand-prix\/"},"author":{"name":"Daniel Evans","@id":"https:\/\/offsidetalks.com\/de\/#\/schema\/person\/521e482ea0b788420a5a28f9560b129f"},"headline":"Verstappen hat Schwierigkeiten in der Qualifikation zum Bahrain Grand Prix","datePublished":"2025-04-12T12:04:31+00:00","mainEntityOfPage":{"@id":"https:\/\/offsidetalks.com\/de\/formel-1-2\/verstappen-hat-schwierigkeiten-in-der-qualifikation-zum-bahrain-grand-prix\/"},"wordCount":401,"commentCount":0,"publisher":{"@id":"https:\/\/offsidetalks.com\/de\/#organization"},"image":{"@id":"https:\/\/offsidetalks.com\/de\/formel-1-2\/verstappen-hat-schwierigkeiten-in-der-qualifikation-zum-bahrain-grand-prix\/#primaryimage"},"thumbnailUrl":"https:\/\/offsidetalks.com\/wp-content\/uploads\/2025\/04\/e4yteivdpssofoxxhy2wy9e01fkls4bw-large.webp","articleSection":["Formel 1"],"inLanguage":"de","potentialAction":[{"@type":"CommentAction","name":"Comment","target":["https:\/\/offsidetalks.com\/de\/formel-1-2\/verstappen-hat-schwierigkeiten-in-der-qualifikation-zum-bahrain-grand-prix\/#respond"]}]},{"@type":"WebPage","@id":"https:\/\/offsidetalks.com\/de\/formel-1-2\/verstappen-hat-schwierigkeiten-in-der-qualifikation-zum-bahrain-grand-prix\/","url":"https:\/\/offsidetalks.com\/de\/formel-1-2\/verstappen-hat-schwierigkeiten-in-der-qualifikation-zum-bahrain-grand-prix\/","name":"Verstappen hat Schwierigkeiten in der Qualifikation zum Bahrain Grand Prix - Offsidetalks.com","isPartOf":{"@id":"https:\/\/offsidetalks.com\/de\/#website"},"primaryImageOfPage":{"@id":"https:\/\/offsidetalks.com\/de\/formel-1-2\/verstappen-hat-schwierigkeiten-in-der-qualifikation-zum-bahrain-grand-prix\/#primaryimage"},"image":{"@id":"https:\/\/offsidetalks.com\/de\/formel-1-2\/verstappen-hat-schwierigkeiten-in-der-qualifikation-zum-bahrain-grand-prix\/#primaryimage"},"thumbnailUrl":"https:\/\/offsidetalks.com\/wp-content\/uploads\/2025\/04\/e4yteivdpssofoxxhy2wy9e01fkls4bw-large.webp","datePublished":"2025-04-12T12:04:31+00:00","description":"Max Verstappen hatte Schwierigkeiten w\u00e4hrend der Qualifikation zum Bahrain Grand Prix und belegte den siebten Platz.","breadcrumb":{"@id":"https:\/\/offsidetalks.com\/de\/formel-1-2\/verstappen-hat-schwierigkeiten-in-der-qualifikation-zum-bahrain-grand-prix\/#breadcrumb"},"inLanguage":"de","potentialAction":[{"@type":"ReadAction","target":["https:\/\/offsidetalks.com\/de\/formel-1-2\/verstappen-hat-schwierigkeiten-in-der-qualifikation-zum-bahrain-grand-prix\/"]}]},{"@type":"ImageObject","inLanguage":"de","@id":"https:\/\/offsidetalks.com\/de\/formel-1-2\/verstappen-hat-schwierigkeiten-in-der-qualifikation-zum-bahrain-grand-prix\/#primaryimage","url":"https:\/\/offsidetalks.com\/wp-content\/uploads\/2025\/04\/e4yteivdpssofoxxhy2wy9e01fkls4bw-large.webp","contentUrl":"https:\/\/offsidetalks.com\/wp-content\/uploads\/2025\/04\/e4yteivdpssofoxxhy2wy9e01fkls4bw-large.webp","width":1280,"height":731},{"@type":"BreadcrumbList","@id":"https:\/\/offsidetalks.com\/de\/formel-1-2\/verstappen-hat-schwierigkeiten-in-der-qualifikation-zum-bahrain-grand-prix\/#breadcrumb","itemListElement":[{"@type":"ListItem","position":1,"name":"Offsidetalks.com","item":"https:\/\/offsidetalks.com\/de\/"},{"@type":"ListItem","position":2,"name":"Formel 1","item":"https:\/\/offsidetalks.com\/de\/formel-1-2\/"},{"@type":"ListItem","position":3,"name":"Verstappen hat Schwierigkeiten in der Qualifikation zum Bahrain Grand Prix"}]},{"@type":"WebSite","@id":"https:\/\/offsidetalks.com\/de\/#website","url":"https:\/\/offsidetalks.com\/de\/","name":"Offsidetalks.com","description":"","publisher":{"@id":"https:\/\/offsidetalks.com\/de\/#organization"},"potentialAction":[{"@type":"SearchAction","target":{"@type":"EntryPoint","urlTemplate":"https:\/\/offsidetalks.com\/de\/?s={search_term_string}"},"query-input":{"@type":"PropertyValueSpecification","valueRequired":true,"valueName":"search_term_string"}}],"inLanguage":"de"},{"@type":"Organization","@id":"https:\/\/offsidetalks.com\/de\/#organization","name":"Offsidetalks.com","url":"https:\/\/offsidetalks.com\/de\/","logo":{"@type":"ImageObject","inLanguage":"de","@id":"https:\/\/offsidetalks.com\/de\/#\/schema\/logo\/image\/","url":"https:\/\/offsidetalks.com\/wp-content\/uploads\/2025\/05\/Offside-talks-5.png","contentUrl":"https:\/\/offsidetalks.com\/wp-content\/uploads\/2025\/05\/Offside-talks-5.png","width":886,"height":428,"caption":"Offsidetalks.com"},"image":{"@id":"https:\/\/offsidetalks.com\/de\/#\/schema\/logo\/image\/"}},{"@type":"Person","@id":"https:\/\/offsidetalks.com\/de\/#\/schema\/person\/521e482ea0b788420a5a28f9560b129f","name":"Daniel Evans","image":{"@type":"ImageObject","inLanguage":"de","@id":"https:\/\/offsidetalks.com\/de\/#\/schema\/person\/image\/","url":"https:\/\/secure.gravatar.com\/avatar\/4427528f666d5e2db5bdad6c04e1b7fc58b52410509d4f9293ce215a2d73547c?s=96&d=mm&r=g","contentUrl":"https:\/\/secure.gravatar.com\/avatar\/4427528f666d5e2db5bdad6c04e1b7fc58b52410509d4f9293ce215a2d73547c?s=96&d=mm&r=g","caption":"Daniel Evans"},"description":"I'm Daniel Evans, a passionate football journalist with deep roots in the game. Born and raised in the greater London metropolitan area, my love for football started early and became a driving force in my career. A year studying abroad in Hamburg, Germany, solidified my focus on both the Premier League and the Bundesliga, where I break down key moments, analyze performances, and deliver in-depth coverage. With a keen eye for tactics and a dedication to storytelling, I keep fans engaged with expert insights from England to Germany and beyond. Favourite teams are Leicester City F.C. and Hamburger SV. If the two meet? Leicester City!","url":"https:\/\/offsidetalks.com\/de\/author\/daniels-evans\/"}]}},"_links":{"self":[{"href":"https:\/\/offsidetalks.com\/de\/wp-json\/wp\/v2\/posts\/964","targetHints":{"allow":["GET"]}}],"collection":[{"href":"https:\/\/offsidetalks.com\/de\/wp-json\/wp\/v2\/posts"}],"about":[{"href":"https:\/\/offsidetalks.com\/de\/wp-json\/wp\/v2\/types\/post"}],"author":[{"embeddable":true,"href":"https:\/\/offsidetalks.com\/de\/wp-json\/wp\/v2\/users\/5"}],"replies":[{"embeddable":true,"href":"https:\/\/offsidetalks.com\/de\/wp-json\/wp\/v2\/comments?post=964"}],"version-history":[{"count":0,"href":"https:\/\/offsidetalks.com\/de\/wp-json\/wp\/v2\/posts\/964\/revisions"}],"wp:featuredmedia":[{"embeddable":true,"href":"https:\/\/offsidetalks.com\/de\/wp-json\/wp\/v2\/media\/619"}],"wp:attachment":[{"href":"https:\/\/offsidetalks.com\/de\/wp-json\/wp\/v2\/media?parent=964"}],"wp:term":[{"taxonomy":"category","embeddable":true,"href":"https:\/\/offsidetalks.com\/de\/wp-json\/wp\/v2\/categories?post=964"},{"taxonomy":"post_tag","embeddable":true,"href":"https:\/\/offsidetalks.com\/de\/wp-json\/wp\/v2\/tags?post=964"}],"curies":[{"name":"wp","href":"https:\/\/api.w.org\/{rel}","templated":true}]}}