{"id":959,"date":"2025-04-12T18:02:41","date_gmt":"2025-04-12T18:02:41","guid":{"rendered":"https:\/\/offsidetalks.com\/nicht-kategorisiert\/schumacher-unterschreibt-helm-zur-unterstutzung-der-demenzforschung\/"},"modified":"2025-04-12T18:02:41","modified_gmt":"2025-04-12T18:02:41","slug":"schumacher-unterschreibt-helm-zur-unterstutzung-der-demenzforschung","status":"publish","type":"post","link":"https:\/\/offsidetalks.com\/de\/formel-1-2\/schumacher-unterschreibt-helm-zur-unterstutzung-der-demenzforschung\/","title":{"rendered":"Schumacher unterschreibt Helm zur Unterst\u00fctzung der Demenzforschung"},"content":{"rendered":"<p>In einem bedeutenden Akt der Unterst\u00fctzung hat der ehemalige Formel-1-Champion Michael Schumacher einen Rennhelm seines ehemaligen Kollegen, Jackie Stewart, signiert, um eine Wohlt\u00e4tigkeitsaktion zur F\u00f6rderung der Demenzforschung zu unterst\u00fctzen. Der Helm wird w\u00e4hrend einer W\u00fcrdigungslap beim Bahrain Grand Prix versteigert, um Jackies 60 Jahre in der Formel 1 zu feiern.<\/p>\n<h2>Gemeinsame Bem\u00fchungen im Rennen gegen Demenz<\/h2>\n<p>Dieser Helm ist besonders einzigartig, da er die Unterschriften aller 20 noch lebenden Formel 1-Weltmeister tr\u00e4gt. Diese Initiative unterstreicht das Engagement der Rennsport-Community, das Bewusstsein f\u00fcr medizinische Herausforderungen wie Demenz zu f\u00f6rdern, von denen viele Menschen und Familien betroffen sind.<\/p>\n<h2>Ein pers\u00f6nliches Anliegen<\/h2>\n<p>Jackie Stewart hat eine tiefe pers\u00f6nliche Verbindung zu diesem Anliegen, da seine Frau Helen an Demenz leidet. Als Reaktion auf diese pers\u00f6nliche Herausforderung gr\u00fcndete Stewart 2016 die Wohlt\u00e4tigkeitsorganisation \u201eRace Against Dementia\u201c, die sich auf die Finanzierung lebenswichtiger Forschung und die Erforschung neuer Behandlungsm\u00f6glichkeiten konzentriert.<\/p>\n<h2>Schumachers Verm\u00e4chtnis und Unterst\u00fctzung<\/h2>\n<p>Obwohl er seit einem Jahrzehnt aufgrund einer schweren Gehirnverletzung, die er 2013 bei einem Skiunfall erlitt, nicht mehr \u00f6ffentlich aufgetreten ist, bleibt Schumacher eine Ikone im Rennsport. Seine k\u00fcrzliche Teilnahme an dieser Wohlt\u00e4tigkeitsauktion, unterst\u00fctzt von seiner Frau Corinna, spiegelt seine anhaltende Verbindung sowohl zum Sport als auch zum kritischen Thema der Demenzforschung wider.<\/p>\n","protected":false},"excerpt":{"rendered":"<p>Michael Schumacher hat einen Rennhelm signiert, um Jackie Stewarts Wohlt\u00e4tigkeitsinitiative gegen Demenz zu unterst\u00fctzen. Der Helm wird w\u00e4hrend des Bahrain Grand Prix versteigert, um wichtige Forschungsarbeiten im Rahmen von Stewarts Race Against Dementia-Initiative zu finanzieren, die nach der Diagnose seiner Frau gegr\u00fcndet wurde.<\/p>\n","protected":false},"author":6,"featured_media":599,"comment_status":"open","ping_status":"open","sticky":false,"template":"","format":"standard","meta":{"_acf_changed":false,"_yoast_wpseo_title":"","_yoast_wpseo_metadesc":"Michael Schumacher unterst\u00fctzt Jackie Stewarts Wohlt\u00e4tigkeitsinitiative gegen Demenz.","_rewrk_id":[],"footnotes":""},"categories":[35],"tags":[],"class_list":["post-959","post","type-post","status-publish","format-standard","has-post-thumbnail","hentry","category-formel-1-2"],"acf":[],"yoast_head":"<!-- This site is optimized with the Yoast SEO plugin v27.0 - https:\/\/yoast.com\/product\/yoast-seo-wordpress\/ -->\n<title>Schumacher unterschreibt Helm zur Unterst\u00fctzung der Demenzforschung - Offsidetalks.com<\/title>\n<meta name=\"description\" content=\"Michael Schumacher unterst\u00fctzt Jackie Stewarts Wohlt\u00e4tigkeitsinitiative gegen Demenz.\" \/>\n<meta name=\"robots\" content=\"noindex, follow, max-snippet:-1, max-image-preview:large, max-video-preview:-1\" \/>\n<meta property=\"og:locale\" content=\"de_DE\" \/>\n<meta property=\"og:type\" content=\"article\" \/>\n<meta property=\"og:title\" content=\"Schumacher unterschreibt Helm zur Unterst\u00fctzung der Demenzforschung - Offsidetalks.com\" \/>\n<meta property=\"og:description\" content=\"Michael Schumacher unterst\u00fctzt Jackie Stewarts Wohlt\u00e4tigkeitsinitiative gegen Demenz.\" \/>\n<meta property=\"og:url\" content=\"https:\/\/offsidetalks.com\/de\/formel-1-2\/schumacher-unterschreibt-helm-zur-unterstutzung-der-demenzforschung\/\" \/>\n<meta property=\"og:site_name\" content=\"Offsidetalks.com\" \/>\n<meta property=\"article:published_time\" content=\"2025-04-12T18:02:41+00:00\" \/>\n<meta property=\"og:image\" content=\"https:\/\/offsidetalks.com\/wp-content\/uploads\/2025\/04\/w35zhg2wvexb1f6ahnki1e8kmdes4qv0-large.webp\" \/>\n\t<meta property=\"og:image:width\" content=\"1280\" \/>\n\t<meta property=\"og:image:height\" content=\"731\" \/>\n\t<meta property=\"og:image:type\" content=\"image\/webp\" \/>\n<meta name=\"author\" content=\"Javier Morales\" \/>\n<meta name=\"twitter:card\" content=\"summary_large_image\" \/>\n<meta name=\"twitter:label1\" content=\"Verfasst von\" \/>\n\t<meta name=\"twitter:data1\" content=\"Javier Morales\" \/>\n\t<meta name=\"twitter:label2\" content=\"Gesch\u00e4tzte Lesezeit\" \/>\n\t<meta name=\"twitter:data2\" content=\"1\u00a0Minute\" \/>\n<script type=\"application\/ld+json\" class=\"yoast-schema-graph\">{\"@context\":\"https:\/\/schema.org\",\"@graph\":[{\"@type\":\"Article\",\"@id\":\"https:\/\/offsidetalks.com\/de\/formel-1-2\/schumacher-unterschreibt-helm-zur-unterstutzung-der-demenzforschung\/#article\",\"isPartOf\":{\"@id\":\"https:\/\/offsidetalks.com\/de\/formel-1-2\/schumacher-unterschreibt-helm-zur-unterstutzung-der-demenzforschung\/\"},\"author\":{\"name\":\"Javier Morales\",\"@id\":\"https:\/\/offsidetalks.com\/de\/#\/schema\/person\/13149d754c31a45417ef6d6a501f354d\"},\"headline\":\"Schumacher unterschreibt Helm zur Unterst\u00fctzung der Demenzforschung\",\"datePublished\":\"2025-04-12T18:02:41+00:00\",\"mainEntityOfPage\":{\"@id\":\"https:\/\/offsidetalks.com\/de\/formel-1-2\/schumacher-unterschreibt-helm-zur-unterstutzung-der-demenzforschung\/\"},\"wordCount\":225,\"commentCount\":0,\"publisher\":{\"@id\":\"https:\/\/offsidetalks.com\/de\/#organization\"},\"image\":{\"@id\":\"https:\/\/offsidetalks.com\/de\/formel-1-2\/schumacher-unterschreibt-helm-zur-unterstutzung-der-demenzforschung\/#primaryimage\"},\"thumbnailUrl\":\"https:\/\/offsidetalks.com\/wp-content\/uploads\/2025\/04\/w35zhg2wvexb1f6ahnki1e8kmdes4qv0-large.webp\",\"articleSection\":[\"Formel 1\"],\"inLanguage\":\"de\",\"potentialAction\":[{\"@type\":\"CommentAction\",\"name\":\"Comment\",\"target\":[\"https:\/\/offsidetalks.com\/de\/formel-1-2\/schumacher-unterschreibt-helm-zur-unterstutzung-der-demenzforschung\/#respond\"]}]},{\"@type\":\"WebPage\",\"@id\":\"https:\/\/offsidetalks.com\/de\/formel-1-2\/schumacher-unterschreibt-helm-zur-unterstutzung-der-demenzforschung\/\",\"url\":\"https:\/\/offsidetalks.com\/de\/formel-1-2\/schumacher-unterschreibt-helm-zur-unterstutzung-der-demenzforschung\/\",\"name\":\"Schumacher unterschreibt Helm zur Unterst\u00fctzung der Demenzforschung - Offsidetalks.com\",\"isPartOf\":{\"@id\":\"https:\/\/offsidetalks.com\/de\/#website\"},\"primaryImageOfPage\":{\"@id\":\"https:\/\/offsidetalks.com\/de\/formel-1-2\/schumacher-unterschreibt-helm-zur-unterstutzung-der-demenzforschung\/#primaryimage\"},\"image\":{\"@id\":\"https:\/\/offsidetalks.com\/de\/formel-1-2\/schumacher-unterschreibt-helm-zur-unterstutzung-der-demenzforschung\/#primaryimage\"},\"thumbnailUrl\":\"https:\/\/offsidetalks.com\/wp-content\/uploads\/2025\/04\/w35zhg2wvexb1f6ahnki1e8kmdes4qv0-large.webp\",\"datePublished\":\"2025-04-12T18:02:41+00:00\",\"description\":\"Michael Schumacher unterst\u00fctzt Jackie Stewarts Wohlt\u00e4tigkeitsinitiative gegen Demenz.\",\"breadcrumb\":{\"@id\":\"https:\/\/offsidetalks.com\/de\/formel-1-2\/schumacher-unterschreibt-helm-zur-unterstutzung-der-demenzforschung\/#breadcrumb\"},\"inLanguage\":\"de\",\"potentialAction\":[{\"@type\":\"ReadAction\",\"target\":[\"https:\/\/offsidetalks.com\/de\/formel-1-2\/schumacher-unterschreibt-helm-zur-unterstutzung-der-demenzforschung\/\"]}]},{\"@type\":\"ImageObject\",\"inLanguage\":\"de\",\"@id\":\"https:\/\/offsidetalks.com\/de\/formel-1-2\/schumacher-unterschreibt-helm-zur-unterstutzung-der-demenzforschung\/#primaryimage\",\"url\":\"https:\/\/offsidetalks.com\/wp-content\/uploads\/2025\/04\/w35zhg2wvexb1f6ahnki1e8kmdes4qv0-large.webp\",\"contentUrl\":\"https:\/\/offsidetalks.com\/wp-content\/uploads\/2025\/04\/w35zhg2wvexb1f6ahnki1e8kmdes4qv0-large.webp\",\"width\":1280,\"height\":731},{\"@type\":\"BreadcrumbList\",\"@id\":\"https:\/\/offsidetalks.com\/de\/formel-1-2\/schumacher-unterschreibt-helm-zur-unterstutzung-der-demenzforschung\/#breadcrumb\",\"itemListElement\":[{\"@type\":\"ListItem\",\"position\":1,\"name\":\"Offsidetalks.com\",\"item\":\"https:\/\/offsidetalks.com\/de\/\"},{\"@type\":\"ListItem\",\"position\":2,\"name\":\"Formel 1\",\"item\":\"https:\/\/offsidetalks.com\/de\/formel-1-2\/\"},{\"@type\":\"ListItem\",\"position\":3,\"name\":\"Schumacher unterschreibt Helm zur Unterst\u00fctzung der Demenzforschung\"}]},{\"@type\":\"WebSite\",\"@id\":\"https:\/\/offsidetalks.com\/de\/#website\",\"url\":\"https:\/\/offsidetalks.com\/de\/\",\"name\":\"Offsidetalks.com\",\"description\":\"\",\"publisher\":{\"@id\":\"https:\/\/offsidetalks.com\/de\/#organization\"},\"potentialAction\":[{\"@type\":\"SearchAction\",\"target\":{\"@type\":\"EntryPoint\",\"urlTemplate\":\"https:\/\/offsidetalks.com\/de\/?s={search_term_string}\"},\"query-input\":{\"@type\":\"PropertyValueSpecification\",\"valueRequired\":true,\"valueName\":\"search_term_string\"}}],\"inLanguage\":\"de\"},{\"@type\":\"Organization\",\"@id\":\"https:\/\/offsidetalks.com\/de\/#organization\",\"name\":\"Offsidetalks.com\",\"url\":\"https:\/\/offsidetalks.com\/de\/\",\"logo\":{\"@type\":\"ImageObject\",\"inLanguage\":\"de\",\"@id\":\"https:\/\/offsidetalks.com\/de\/#\/schema\/logo\/image\/\",\"url\":\"https:\/\/offsidetalks.com\/wp-content\/uploads\/2025\/05\/Offside-talks-5.png\",\"contentUrl\":\"https:\/\/offsidetalks.com\/wp-content\/uploads\/2025\/05\/Offside-talks-5.png\",\"width\":886,\"height\":428,\"caption\":\"Offsidetalks.com\"},\"image\":{\"@id\":\"https:\/\/offsidetalks.com\/de\/#\/schema\/logo\/image\/\"}},{\"@type\":\"Person\",\"@id\":\"https:\/\/offsidetalks.com\/de\/#\/schema\/person\/13149d754c31a45417ef6d6a501f354d\",\"name\":\"Javier Morales\",\"image\":{\"@type\":\"ImageObject\",\"inLanguage\":\"de\",\"@id\":\"https:\/\/offsidetalks.com\/de\/#\/schema\/person\/image\/\",\"url\":\"https:\/\/secure.gravatar.com\/avatar\/767ce2169df33f3dfac3c77f65946eadfa6549cf86ef24c2cdb9af98f05febc2?s=96&d=mm&r=g\",\"contentUrl\":\"https:\/\/secure.gravatar.com\/avatar\/767ce2169df33f3dfac3c77f65946eadfa6549cf86ef24c2cdb9af98f05febc2?s=96&d=mm&r=g\",\"caption\":\"Javier Morales\"},\"description\":\"I\u2019m Javier Morales, a football journalist with a deep love for the game and a knack for storytelling. Growing up at the core of Barcelona, football was always part of my life, and over the years, that passion led me to focus on LaLiga, where the skill, drama, and style of play never disappoint. I break down matches, highlight standout performances, and keep things real\u2014no overcomplicated stats, just clear and engaging analysis. Whether it\u2019s a rising star making waves or a classic rivalry heating up, I\u2019m here to bring you the best of Spanish football with a laid-back but insightful approach. For me, Barcelona FC all the way!\",\"url\":\"https:\/\/offsidetalks.com\/de\/author\/javier-morales\/\"}]}<\/script>\n<!-- \/ Yoast SEO plugin. -->","yoast_head_json":{"title":"Schumacher unterschreibt Helm zur Unterst\u00fctzung der Demenzforschung - Offsidetalks.com","description":"Michael Schumacher unterst\u00fctzt Jackie Stewarts Wohlt\u00e4tigkeitsinitiative gegen Demenz.","robots":{"index":"noindex","follow":"follow","max-snippet":"max-snippet:-1","max-image-preview":"max-image-preview:large","max-video-preview":"max-video-preview:-1"},"og_locale":"de_DE","og_type":"article","og_title":"Schumacher unterschreibt Helm zur Unterst\u00fctzung der Demenzforschung - Offsidetalks.com","og_description":"Michael Schumacher unterst\u00fctzt Jackie Stewarts Wohlt\u00e4tigkeitsinitiative gegen Demenz.","og_url":"https:\/\/offsidetalks.com\/de\/formel-1-2\/schumacher-unterschreibt-helm-zur-unterstutzung-der-demenzforschung\/","og_site_name":"Offsidetalks.com","article_published_time":"2025-04-12T18:02:41+00:00","og_image":[{"width":1280,"height":731,"url":"https:\/\/offsidetalks.com\/wp-content\/uploads\/2025\/04\/w35zhg2wvexb1f6ahnki1e8kmdes4qv0-large.webp","type":"image\/webp"}],"author":"Javier Morales","twitter_card":"summary_large_image","twitter_misc":{"Verfasst von":"Javier Morales","Gesch\u00e4tzte Lesezeit":"1\u00a0Minute"},"schema":{"@context":"https:\/\/schema.org","@graph":[{"@type":"Article","@id":"https:\/\/offsidetalks.com\/de\/formel-1-2\/schumacher-unterschreibt-helm-zur-unterstutzung-der-demenzforschung\/#article","isPartOf":{"@id":"https:\/\/offsidetalks.com\/de\/formel-1-2\/schumacher-unterschreibt-helm-zur-unterstutzung-der-demenzforschung\/"},"author":{"name":"Javier Morales","@id":"https:\/\/offsidetalks.com\/de\/#\/schema\/person\/13149d754c31a45417ef6d6a501f354d"},"headline":"Schumacher unterschreibt Helm zur Unterst\u00fctzung der Demenzforschung","datePublished":"2025-04-12T18:02:41+00:00","mainEntityOfPage":{"@id":"https:\/\/offsidetalks.com\/de\/formel-1-2\/schumacher-unterschreibt-helm-zur-unterstutzung-der-demenzforschung\/"},"wordCount":225,"commentCount":0,"publisher":{"@id":"https:\/\/offsidetalks.com\/de\/#organization"},"image":{"@id":"https:\/\/offsidetalks.com\/de\/formel-1-2\/schumacher-unterschreibt-helm-zur-unterstutzung-der-demenzforschung\/#primaryimage"},"thumbnailUrl":"https:\/\/offsidetalks.com\/wp-content\/uploads\/2025\/04\/w35zhg2wvexb1f6ahnki1e8kmdes4qv0-large.webp","articleSection":["Formel 1"],"inLanguage":"de","potentialAction":[{"@type":"CommentAction","name":"Comment","target":["https:\/\/offsidetalks.com\/de\/formel-1-2\/schumacher-unterschreibt-helm-zur-unterstutzung-der-demenzforschung\/#respond"]}]},{"@type":"WebPage","@id":"https:\/\/offsidetalks.com\/de\/formel-1-2\/schumacher-unterschreibt-helm-zur-unterstutzung-der-demenzforschung\/","url":"https:\/\/offsidetalks.com\/de\/formel-1-2\/schumacher-unterschreibt-helm-zur-unterstutzung-der-demenzforschung\/","name":"Schumacher unterschreibt Helm zur Unterst\u00fctzung der Demenzforschung - Offsidetalks.com","isPartOf":{"@id":"https:\/\/offsidetalks.com\/de\/#website"},"primaryImageOfPage":{"@id":"https:\/\/offsidetalks.com\/de\/formel-1-2\/schumacher-unterschreibt-helm-zur-unterstutzung-der-demenzforschung\/#primaryimage"},"image":{"@id":"https:\/\/offsidetalks.com\/de\/formel-1-2\/schumacher-unterschreibt-helm-zur-unterstutzung-der-demenzforschung\/#primaryimage"},"thumbnailUrl":"https:\/\/offsidetalks.com\/wp-content\/uploads\/2025\/04\/w35zhg2wvexb1f6ahnki1e8kmdes4qv0-large.webp","datePublished":"2025-04-12T18:02:41+00:00","description":"Michael Schumacher unterst\u00fctzt Jackie Stewarts Wohlt\u00e4tigkeitsinitiative gegen Demenz.","breadcrumb":{"@id":"https:\/\/offsidetalks.com\/de\/formel-1-2\/schumacher-unterschreibt-helm-zur-unterstutzung-der-demenzforschung\/#breadcrumb"},"inLanguage":"de","potentialAction":[{"@type":"ReadAction","target":["https:\/\/offsidetalks.com\/de\/formel-1-2\/schumacher-unterschreibt-helm-zur-unterstutzung-der-demenzforschung\/"]}]},{"@type":"ImageObject","inLanguage":"de","@id":"https:\/\/offsidetalks.com\/de\/formel-1-2\/schumacher-unterschreibt-helm-zur-unterstutzung-der-demenzforschung\/#primaryimage","url":"https:\/\/offsidetalks.com\/wp-content\/uploads\/2025\/04\/w35zhg2wvexb1f6ahnki1e8kmdes4qv0-large.webp","contentUrl":"https:\/\/offsidetalks.com\/wp-content\/uploads\/2025\/04\/w35zhg2wvexb1f6ahnki1e8kmdes4qv0-large.webp","width":1280,"height":731},{"@type":"BreadcrumbList","@id":"https:\/\/offsidetalks.com\/de\/formel-1-2\/schumacher-unterschreibt-helm-zur-unterstutzung-der-demenzforschung\/#breadcrumb","itemListElement":[{"@type":"ListItem","position":1,"name":"Offsidetalks.com","item":"https:\/\/offsidetalks.com\/de\/"},{"@type":"ListItem","position":2,"name":"Formel 1","item":"https:\/\/offsidetalks.com\/de\/formel-1-2\/"},{"@type":"ListItem","position":3,"name":"Schumacher unterschreibt Helm zur Unterst\u00fctzung der Demenzforschung"}]},{"@type":"WebSite","@id":"https:\/\/offsidetalks.com\/de\/#website","url":"https:\/\/offsidetalks.com\/de\/","name":"Offsidetalks.com","description":"","publisher":{"@id":"https:\/\/offsidetalks.com\/de\/#organization"},"potentialAction":[{"@type":"SearchAction","target":{"@type":"EntryPoint","urlTemplate":"https:\/\/offsidetalks.com\/de\/?s={search_term_string}"},"query-input":{"@type":"PropertyValueSpecification","valueRequired":true,"valueName":"search_term_string"}}],"inLanguage":"de"},{"@type":"Organization","@id":"https:\/\/offsidetalks.com\/de\/#organization","name":"Offsidetalks.com","url":"https:\/\/offsidetalks.com\/de\/","logo":{"@type":"ImageObject","inLanguage":"de","@id":"https:\/\/offsidetalks.com\/de\/#\/schema\/logo\/image\/","url":"https:\/\/offsidetalks.com\/wp-content\/uploads\/2025\/05\/Offside-talks-5.png","contentUrl":"https:\/\/offsidetalks.com\/wp-content\/uploads\/2025\/05\/Offside-talks-5.png","width":886,"height":428,"caption":"Offsidetalks.com"},"image":{"@id":"https:\/\/offsidetalks.com\/de\/#\/schema\/logo\/image\/"}},{"@type":"Person","@id":"https:\/\/offsidetalks.com\/de\/#\/schema\/person\/13149d754c31a45417ef6d6a501f354d","name":"Javier Morales","image":{"@type":"ImageObject","inLanguage":"de","@id":"https:\/\/offsidetalks.com\/de\/#\/schema\/person\/image\/","url":"https:\/\/secure.gravatar.com\/avatar\/767ce2169df33f3dfac3c77f65946eadfa6549cf86ef24c2cdb9af98f05febc2?s=96&d=mm&r=g","contentUrl":"https:\/\/secure.gravatar.com\/avatar\/767ce2169df33f3dfac3c77f65946eadfa6549cf86ef24c2cdb9af98f05febc2?s=96&d=mm&r=g","caption":"Javier Morales"},"description":"I\u2019m Javier Morales, a football journalist with a deep love for the game and a knack for storytelling. Growing up at the core of Barcelona, football was always part of my life, and over the years, that passion led me to focus on LaLiga, where the skill, drama, and style of play never disappoint. I break down matches, highlight standout performances, and keep things real\u2014no overcomplicated stats, just clear and engaging analysis. Whether it\u2019s a rising star making waves or a classic rivalry heating up, I\u2019m here to bring you the best of Spanish football with a laid-back but insightful approach. For me, Barcelona FC all the way!","url":"https:\/\/offsidetalks.com\/de\/author\/javier-morales\/"}]}},"_links":{"self":[{"href":"https:\/\/offsidetalks.com\/de\/wp-json\/wp\/v2\/posts\/959","targetHints":{"allow":["GET"]}}],"collection":[{"href":"https:\/\/offsidetalks.com\/de\/wp-json\/wp\/v2\/posts"}],"about":[{"href":"https:\/\/offsidetalks.com\/de\/wp-json\/wp\/v2\/types\/post"}],"author":[{"embeddable":true,"href":"https:\/\/offsidetalks.com\/de\/wp-json\/wp\/v2\/users\/6"}],"replies":[{"embeddable":true,"href":"https:\/\/offsidetalks.com\/de\/wp-json\/wp\/v2\/comments?post=959"}],"version-history":[{"count":0,"href":"https:\/\/offsidetalks.com\/de\/wp-json\/wp\/v2\/posts\/959\/revisions"}],"wp:featuredmedia":[{"embeddable":true,"href":"https:\/\/offsidetalks.com\/de\/wp-json\/wp\/v2\/media\/599"}],"wp:attachment":[{"href":"https:\/\/offsidetalks.com\/de\/wp-json\/wp\/v2\/media?parent=959"}],"wp:term":[{"taxonomy":"category","embeddable":true,"href":"https:\/\/offsidetalks.com\/de\/wp-json\/wp\/v2\/categories?post=959"},{"taxonomy":"post_tag","embeddable":true,"href":"https:\/\/offsidetalks.com\/de\/wp-json\/wp\/v2\/tags?post=959"}],"curies":[{"name":"wp","href":"https:\/\/api.w.org\/{rel}","templated":true}]}}