{"id":939,"date":"2025-04-15T08:12:45","date_gmt":"2025-04-15T08:12:45","guid":{"rendered":"https:\/\/offsidetalks.com\/nicht-kategorisiert\/hulkenberg-disqualifikation-sorgt-fur-bedenken\/"},"modified":"2025-04-15T08:12:45","modified_gmt":"2025-04-15T08:12:45","slug":"hulkenberg-disqualifikation-sorgt-fur-bedenken","status":"publish","type":"post","link":"https:\/\/offsidetalks.com\/de\/formel-1-2\/hulkenberg-disqualifikation-sorgt-fur-bedenken\/","title":{"rendered":"Hulkenberg-Disqualifikation sorgt f\u00fcr Bedenken"},"content":{"rendered":"<p>Die Disqualifikation von Nico Hulkenberg nach dem Grand Prix von Bahrain hat bei Sauber in der Formel 1 zu \u00dcberlegungen gef\u00fchrt. Obwohl er das Rennen auf dem 13. Platz beendete, wurde Hulkenberg wegen eines erheblichen technischen Versto\u00dfes disqualifiziert: die Skid-Planke seines Wagens wurde mit 8,4 mm gemessen, was unter der geforderten Mindesth\u00f6he von 9 mm liegt.<\/p>\n<h2>Verst\u00e4ndnis des Vorfalls<\/h2>\n<p>Diese Disqualifikation ist das zweite Mal in dieser Saison, dass \u00fcberm\u00e4\u00dfiger Verschlei\u00df der Skid-Planke zu einer Disqualifikation f\u00fchrt. Der erfahrene Teammanager Beat Zehnder \u00e4u\u00dferte sich unsicher bez\u00fcglich der genauen Ursachen des Verschlei\u00dfproblems: &#8220;Wir wissen wirklich nicht, warum wir unterhalb der 9 mm liegen.&#8221; Zehnder erw\u00e4hnte, dass die begrenzte Anzahl an Runden von Hulkenberg w\u00e4hrend des letzten Trainings ihre Datenerfassung und Analyse behindert haben k\u00f6nnte.<\/p>\n<h2>Herausforderungen auf dem Bahrain-Circuit<\/h2>\n<p>Zehnder erkannte die anspruchsvolle Natur des Bahrain-Circuits an, der aufgrund seiner unebenen Oberfl\u00e4che den Verschlei\u00df an der Skid-Planke verst\u00e4rken kann. Er bekr\u00e4ftigte jedoch, dass das Team dies nicht als Entschuldigung f\u00fcr die Disqualifikation nutzen sollte, und erkl\u00e4rte: &#8220;Es ist ein Fehler von unserer Seite.&#8221; Er unterstrich die kritische Bedeutung der Einhaltung technischer Vorschriften, insbesondere in Bezug auf die Auswirkungen auf die Punkte in der Meisterschaftswertung.<\/p>\n<h2>Leistungsunterschiede<\/h2>\n<p>Analysen haben signifikante Unterschiede in der Konfiguration zwischen Hulkenbergs Fahrzeug und dem seines Teamkollegen Gabriel Bortoleto aufgedeckt. Das Team glaubt, dass Hulkenbergs Einstellung, die auf mehr Abtrieb setzte, zu den unterschiedlichen Leistungen w\u00e4hrend des Rennwochenendes beitrug und ihr Verst\u00e4ndnis der Fahrzeugdynamik weiter erschwerte.<\/p>\n<h2>Verbesserung in Sicht<\/h2>\n<p>Trotz einer punktetr\u00e4chtigen Leistung in einem chaotischen Rennen in Australien hat Sauber Schwierigkeiten gezeigt, konsistente Wettbewerbsf\u00e4higkeit zu demonstrieren. Zehnder betonte die Notwendigkeit von Verbesserungen im Qualifying und stellte heraus, dass das Verbessern der Rundenzeiten um zwei bis drei Zehntelsekunden entscheidend f\u00fcr bessere Startpl\u00e4tze ist: &#8220;Ein Start von P13 oder P16 macht einen erheblichen Unterschied.&#8221;<\/p>\n<h2>Herausforderungen in der Zukunft<\/h2>\n<p>W\u00e4hrend sich das Team auf kommende Rennen, einschlie\u00dflich des Gro\u00dfen Preises von Saudi-Arabien, vorbereitet, bleibt Zehnder entschlossen, die Leistungsprobleme anzugehen. Die variierenden klimatischen Bedingungen und einzigartigen Streckeneigenschaften erfordern, dass sich die Teams anpassen, da die Saison fortsetzt, und erfordern kontinuierliche strategische Anpassungen.<\/p>\n","protected":false},"excerpt":{"rendered":"<p>Nico Hulkenbergs Disqualifikation in Bahrain aufgrund von Skid-Planken-Verschlei\u00df sorgt f\u00fcr Bedenken bei Sauber. Diese Herausforderung hebt technische H\u00fcrden hervor, w\u00e4hrend das Team sich auf zuk\u00fcnftige Rennen vorbereitet. Die Einhaltung der Vorschriften sowie Verbesserungen in den Qualifikationen sind entscheidend, um die Wettbewerbsf\u00e4higkeit zu steigern.<\/p>\n","protected":false},"author":6,"featured_media":519,"comment_status":"open","ping_status":"open","sticky":false,"template":"","format":"standard","meta":{"_acf_changed":false,"_yoast_wpseo_title":"","_yoast_wpseo_metadesc":"Saubers Nico Hulkenberg wegen Plankenfehler disqualifiziert.","_rewrk_id":[],"footnotes":""},"categories":[35],"tags":[],"class_list":["post-939","post","type-post","status-publish","format-standard","has-post-thumbnail","hentry","category-formel-1-2"],"acf":[],"yoast_head":"<!-- This site is optimized with the Yoast SEO plugin v27.0 - https:\/\/yoast.com\/product\/yoast-seo-wordpress\/ -->\n<title>Hulkenberg-Disqualifikation sorgt f\u00fcr Bedenken - Offsidetalks.com<\/title>\n<meta name=\"description\" content=\"Saubers Nico Hulkenberg wegen Plankenfehler disqualifiziert.\" \/>\n<meta name=\"robots\" content=\"noindex, follow, max-snippet:-1, max-image-preview:large, max-video-preview:-1\" \/>\n<meta property=\"og:locale\" content=\"de_DE\" \/>\n<meta property=\"og:type\" content=\"article\" \/>\n<meta property=\"og:title\" content=\"Hulkenberg-Disqualifikation sorgt f\u00fcr Bedenken - Offsidetalks.com\" \/>\n<meta property=\"og:description\" content=\"Saubers Nico Hulkenberg wegen Plankenfehler disqualifiziert.\" \/>\n<meta property=\"og:url\" content=\"https:\/\/offsidetalks.com\/de\/formel-1-2\/hulkenberg-disqualifikation-sorgt-fur-bedenken\/\" \/>\n<meta property=\"og:site_name\" content=\"Offsidetalks.com\" \/>\n<meta property=\"article:published_time\" content=\"2025-04-15T08:12:45+00:00\" \/>\n<meta property=\"og:image\" content=\"https:\/\/offsidetalks.com\/wp-content\/uploads\/2025\/04\/ojv2zdeb9k4gemqnszkrwnufg0019pth-large.webp\" \/>\n\t<meta property=\"og:image:width\" content=\"1280\" \/>\n\t<meta property=\"og:image:height\" content=\"731\" \/>\n\t<meta property=\"og:image:type\" content=\"image\/webp\" \/>\n<meta name=\"author\" content=\"Javier Morales\" \/>\n<meta name=\"twitter:card\" content=\"summary_large_image\" \/>\n<meta name=\"twitter:label1\" content=\"Verfasst von\" \/>\n\t<meta name=\"twitter:data1\" content=\"Javier Morales\" \/>\n\t<meta name=\"twitter:label2\" content=\"Gesch\u00e4tzte Lesezeit\" \/>\n\t<meta name=\"twitter:data2\" content=\"2\u00a0Minuten\" \/>\n<script type=\"application\/ld+json\" class=\"yoast-schema-graph\">{\"@context\":\"https:\/\/schema.org\",\"@graph\":[{\"@type\":\"Article\",\"@id\":\"https:\/\/offsidetalks.com\/de\/formel-1-2\/hulkenberg-disqualifikation-sorgt-fur-bedenken\/#article\",\"isPartOf\":{\"@id\":\"https:\/\/offsidetalks.com\/de\/formel-1-2\/hulkenberg-disqualifikation-sorgt-fur-bedenken\/\"},\"author\":{\"name\":\"Javier Morales\",\"@id\":\"https:\/\/offsidetalks.com\/de\/#\/schema\/person\/13149d754c31a45417ef6d6a501f354d\"},\"headline\":\"Hulkenberg-Disqualifikation sorgt f\u00fcr Bedenken\",\"datePublished\":\"2025-04-15T08:12:45+00:00\",\"mainEntityOfPage\":{\"@id\":\"https:\/\/offsidetalks.com\/de\/formel-1-2\/hulkenberg-disqualifikation-sorgt-fur-bedenken\/\"},\"wordCount\":365,\"commentCount\":0,\"publisher\":{\"@id\":\"https:\/\/offsidetalks.com\/de\/#organization\"},\"image\":{\"@id\":\"https:\/\/offsidetalks.com\/de\/formel-1-2\/hulkenberg-disqualifikation-sorgt-fur-bedenken\/#primaryimage\"},\"thumbnailUrl\":\"https:\/\/offsidetalks.com\/wp-content\/uploads\/2025\/04\/ojv2zdeb9k4gemqnszkrwnufg0019pth-large.webp\",\"articleSection\":[\"Formel 1\"],\"inLanguage\":\"de\",\"potentialAction\":[{\"@type\":\"CommentAction\",\"name\":\"Comment\",\"target\":[\"https:\/\/offsidetalks.com\/de\/formel-1-2\/hulkenberg-disqualifikation-sorgt-fur-bedenken\/#respond\"]}]},{\"@type\":\"WebPage\",\"@id\":\"https:\/\/offsidetalks.com\/de\/formel-1-2\/hulkenberg-disqualifikation-sorgt-fur-bedenken\/\",\"url\":\"https:\/\/offsidetalks.com\/de\/formel-1-2\/hulkenberg-disqualifikation-sorgt-fur-bedenken\/\",\"name\":\"Hulkenberg-Disqualifikation sorgt f\u00fcr Bedenken - Offsidetalks.com\",\"isPartOf\":{\"@id\":\"https:\/\/offsidetalks.com\/de\/#website\"},\"primaryImageOfPage\":{\"@id\":\"https:\/\/offsidetalks.com\/de\/formel-1-2\/hulkenberg-disqualifikation-sorgt-fur-bedenken\/#primaryimage\"},\"image\":{\"@id\":\"https:\/\/offsidetalks.com\/de\/formel-1-2\/hulkenberg-disqualifikation-sorgt-fur-bedenken\/#primaryimage\"},\"thumbnailUrl\":\"https:\/\/offsidetalks.com\/wp-content\/uploads\/2025\/04\/ojv2zdeb9k4gemqnszkrwnufg0019pth-large.webp\",\"datePublished\":\"2025-04-15T08:12:45+00:00\",\"description\":\"Saubers Nico Hulkenberg wegen Plankenfehler disqualifiziert.\",\"breadcrumb\":{\"@id\":\"https:\/\/offsidetalks.com\/de\/formel-1-2\/hulkenberg-disqualifikation-sorgt-fur-bedenken\/#breadcrumb\"},\"inLanguage\":\"de\",\"potentialAction\":[{\"@type\":\"ReadAction\",\"target\":[\"https:\/\/offsidetalks.com\/de\/formel-1-2\/hulkenberg-disqualifikation-sorgt-fur-bedenken\/\"]}]},{\"@type\":\"ImageObject\",\"inLanguage\":\"de\",\"@id\":\"https:\/\/offsidetalks.com\/de\/formel-1-2\/hulkenberg-disqualifikation-sorgt-fur-bedenken\/#primaryimage\",\"url\":\"https:\/\/offsidetalks.com\/wp-content\/uploads\/2025\/04\/ojv2zdeb9k4gemqnszkrwnufg0019pth-large.webp\",\"contentUrl\":\"https:\/\/offsidetalks.com\/wp-content\/uploads\/2025\/04\/ojv2zdeb9k4gemqnszkrwnufg0019pth-large.webp\",\"width\":1280,\"height\":731},{\"@type\":\"BreadcrumbList\",\"@id\":\"https:\/\/offsidetalks.com\/de\/formel-1-2\/hulkenberg-disqualifikation-sorgt-fur-bedenken\/#breadcrumb\",\"itemListElement\":[{\"@type\":\"ListItem\",\"position\":1,\"name\":\"Offsidetalks.com\",\"item\":\"https:\/\/offsidetalks.com\/de\/\"},{\"@type\":\"ListItem\",\"position\":2,\"name\":\"Formel 1\",\"item\":\"https:\/\/offsidetalks.com\/de\/formel-1-2\/\"},{\"@type\":\"ListItem\",\"position\":3,\"name\":\"Hulkenberg-Disqualifikation sorgt f\u00fcr Bedenken\"}]},{\"@type\":\"WebSite\",\"@id\":\"https:\/\/offsidetalks.com\/de\/#website\",\"url\":\"https:\/\/offsidetalks.com\/de\/\",\"name\":\"Offsidetalks.com\",\"description\":\"\",\"publisher\":{\"@id\":\"https:\/\/offsidetalks.com\/de\/#organization\"},\"potentialAction\":[{\"@type\":\"SearchAction\",\"target\":{\"@type\":\"EntryPoint\",\"urlTemplate\":\"https:\/\/offsidetalks.com\/de\/?s={search_term_string}\"},\"query-input\":{\"@type\":\"PropertyValueSpecification\",\"valueRequired\":true,\"valueName\":\"search_term_string\"}}],\"inLanguage\":\"de\"},{\"@type\":\"Organization\",\"@id\":\"https:\/\/offsidetalks.com\/de\/#organization\",\"name\":\"Offsidetalks.com\",\"url\":\"https:\/\/offsidetalks.com\/de\/\",\"logo\":{\"@type\":\"ImageObject\",\"inLanguage\":\"de\",\"@id\":\"https:\/\/offsidetalks.com\/de\/#\/schema\/logo\/image\/\",\"url\":\"https:\/\/offsidetalks.com\/wp-content\/uploads\/2025\/05\/Offside-talks-5.png\",\"contentUrl\":\"https:\/\/offsidetalks.com\/wp-content\/uploads\/2025\/05\/Offside-talks-5.png\",\"width\":886,\"height\":428,\"caption\":\"Offsidetalks.com\"},\"image\":{\"@id\":\"https:\/\/offsidetalks.com\/de\/#\/schema\/logo\/image\/\"}},{\"@type\":\"Person\",\"@id\":\"https:\/\/offsidetalks.com\/de\/#\/schema\/person\/13149d754c31a45417ef6d6a501f354d\",\"name\":\"Javier Morales\",\"image\":{\"@type\":\"ImageObject\",\"inLanguage\":\"de\",\"@id\":\"https:\/\/offsidetalks.com\/de\/#\/schema\/person\/image\/\",\"url\":\"https:\/\/secure.gravatar.com\/avatar\/767ce2169df33f3dfac3c77f65946eadfa6549cf86ef24c2cdb9af98f05febc2?s=96&d=mm&r=g\",\"contentUrl\":\"https:\/\/secure.gravatar.com\/avatar\/767ce2169df33f3dfac3c77f65946eadfa6549cf86ef24c2cdb9af98f05febc2?s=96&d=mm&r=g\",\"caption\":\"Javier Morales\"},\"description\":\"I\u2019m Javier Morales, a football journalist with a deep love for the game and a knack for storytelling. Growing up at the core of Barcelona, football was always part of my life, and over the years, that passion led me to focus on LaLiga, where the skill, drama, and style of play never disappoint. I break down matches, highlight standout performances, and keep things real\u2014no overcomplicated stats, just clear and engaging analysis. Whether it\u2019s a rising star making waves or a classic rivalry heating up, I\u2019m here to bring you the best of Spanish football with a laid-back but insightful approach. For me, Barcelona FC all the way!\",\"url\":\"https:\/\/offsidetalks.com\/de\/author\/javier-morales\/\"}]}<\/script>\n<!-- \/ Yoast SEO plugin. -->","yoast_head_json":{"title":"Hulkenberg-Disqualifikation sorgt f\u00fcr Bedenken - Offsidetalks.com","description":"Saubers Nico Hulkenberg wegen Plankenfehler disqualifiziert.","robots":{"index":"noindex","follow":"follow","max-snippet":"max-snippet:-1","max-image-preview":"max-image-preview:large","max-video-preview":"max-video-preview:-1"},"og_locale":"de_DE","og_type":"article","og_title":"Hulkenberg-Disqualifikation sorgt f\u00fcr Bedenken - Offsidetalks.com","og_description":"Saubers Nico Hulkenberg wegen Plankenfehler disqualifiziert.","og_url":"https:\/\/offsidetalks.com\/de\/formel-1-2\/hulkenberg-disqualifikation-sorgt-fur-bedenken\/","og_site_name":"Offsidetalks.com","article_published_time":"2025-04-15T08:12:45+00:00","og_image":[{"width":1280,"height":731,"url":"https:\/\/offsidetalks.com\/wp-content\/uploads\/2025\/04\/ojv2zdeb9k4gemqnszkrwnufg0019pth-large.webp","type":"image\/webp"}],"author":"Javier Morales","twitter_card":"summary_large_image","twitter_misc":{"Verfasst von":"Javier Morales","Gesch\u00e4tzte Lesezeit":"2\u00a0Minuten"},"schema":{"@context":"https:\/\/schema.org","@graph":[{"@type":"Article","@id":"https:\/\/offsidetalks.com\/de\/formel-1-2\/hulkenberg-disqualifikation-sorgt-fur-bedenken\/#article","isPartOf":{"@id":"https:\/\/offsidetalks.com\/de\/formel-1-2\/hulkenberg-disqualifikation-sorgt-fur-bedenken\/"},"author":{"name":"Javier Morales","@id":"https:\/\/offsidetalks.com\/de\/#\/schema\/person\/13149d754c31a45417ef6d6a501f354d"},"headline":"Hulkenberg-Disqualifikation sorgt f\u00fcr Bedenken","datePublished":"2025-04-15T08:12:45+00:00","mainEntityOfPage":{"@id":"https:\/\/offsidetalks.com\/de\/formel-1-2\/hulkenberg-disqualifikation-sorgt-fur-bedenken\/"},"wordCount":365,"commentCount":0,"publisher":{"@id":"https:\/\/offsidetalks.com\/de\/#organization"},"image":{"@id":"https:\/\/offsidetalks.com\/de\/formel-1-2\/hulkenberg-disqualifikation-sorgt-fur-bedenken\/#primaryimage"},"thumbnailUrl":"https:\/\/offsidetalks.com\/wp-content\/uploads\/2025\/04\/ojv2zdeb9k4gemqnszkrwnufg0019pth-large.webp","articleSection":["Formel 1"],"inLanguage":"de","potentialAction":[{"@type":"CommentAction","name":"Comment","target":["https:\/\/offsidetalks.com\/de\/formel-1-2\/hulkenberg-disqualifikation-sorgt-fur-bedenken\/#respond"]}]},{"@type":"WebPage","@id":"https:\/\/offsidetalks.com\/de\/formel-1-2\/hulkenberg-disqualifikation-sorgt-fur-bedenken\/","url":"https:\/\/offsidetalks.com\/de\/formel-1-2\/hulkenberg-disqualifikation-sorgt-fur-bedenken\/","name":"Hulkenberg-Disqualifikation sorgt f\u00fcr Bedenken - Offsidetalks.com","isPartOf":{"@id":"https:\/\/offsidetalks.com\/de\/#website"},"primaryImageOfPage":{"@id":"https:\/\/offsidetalks.com\/de\/formel-1-2\/hulkenberg-disqualifikation-sorgt-fur-bedenken\/#primaryimage"},"image":{"@id":"https:\/\/offsidetalks.com\/de\/formel-1-2\/hulkenberg-disqualifikation-sorgt-fur-bedenken\/#primaryimage"},"thumbnailUrl":"https:\/\/offsidetalks.com\/wp-content\/uploads\/2025\/04\/ojv2zdeb9k4gemqnszkrwnufg0019pth-large.webp","datePublished":"2025-04-15T08:12:45+00:00","description":"Saubers Nico Hulkenberg wegen Plankenfehler disqualifiziert.","breadcrumb":{"@id":"https:\/\/offsidetalks.com\/de\/formel-1-2\/hulkenberg-disqualifikation-sorgt-fur-bedenken\/#breadcrumb"},"inLanguage":"de","potentialAction":[{"@type":"ReadAction","target":["https:\/\/offsidetalks.com\/de\/formel-1-2\/hulkenberg-disqualifikation-sorgt-fur-bedenken\/"]}]},{"@type":"ImageObject","inLanguage":"de","@id":"https:\/\/offsidetalks.com\/de\/formel-1-2\/hulkenberg-disqualifikation-sorgt-fur-bedenken\/#primaryimage","url":"https:\/\/offsidetalks.com\/wp-content\/uploads\/2025\/04\/ojv2zdeb9k4gemqnszkrwnufg0019pth-large.webp","contentUrl":"https:\/\/offsidetalks.com\/wp-content\/uploads\/2025\/04\/ojv2zdeb9k4gemqnszkrwnufg0019pth-large.webp","width":1280,"height":731},{"@type":"BreadcrumbList","@id":"https:\/\/offsidetalks.com\/de\/formel-1-2\/hulkenberg-disqualifikation-sorgt-fur-bedenken\/#breadcrumb","itemListElement":[{"@type":"ListItem","position":1,"name":"Offsidetalks.com","item":"https:\/\/offsidetalks.com\/de\/"},{"@type":"ListItem","position":2,"name":"Formel 1","item":"https:\/\/offsidetalks.com\/de\/formel-1-2\/"},{"@type":"ListItem","position":3,"name":"Hulkenberg-Disqualifikation sorgt f\u00fcr Bedenken"}]},{"@type":"WebSite","@id":"https:\/\/offsidetalks.com\/de\/#website","url":"https:\/\/offsidetalks.com\/de\/","name":"Offsidetalks.com","description":"","publisher":{"@id":"https:\/\/offsidetalks.com\/de\/#organization"},"potentialAction":[{"@type":"SearchAction","target":{"@type":"EntryPoint","urlTemplate":"https:\/\/offsidetalks.com\/de\/?s={search_term_string}"},"query-input":{"@type":"PropertyValueSpecification","valueRequired":true,"valueName":"search_term_string"}}],"inLanguage":"de"},{"@type":"Organization","@id":"https:\/\/offsidetalks.com\/de\/#organization","name":"Offsidetalks.com","url":"https:\/\/offsidetalks.com\/de\/","logo":{"@type":"ImageObject","inLanguage":"de","@id":"https:\/\/offsidetalks.com\/de\/#\/schema\/logo\/image\/","url":"https:\/\/offsidetalks.com\/wp-content\/uploads\/2025\/05\/Offside-talks-5.png","contentUrl":"https:\/\/offsidetalks.com\/wp-content\/uploads\/2025\/05\/Offside-talks-5.png","width":886,"height":428,"caption":"Offsidetalks.com"},"image":{"@id":"https:\/\/offsidetalks.com\/de\/#\/schema\/logo\/image\/"}},{"@type":"Person","@id":"https:\/\/offsidetalks.com\/de\/#\/schema\/person\/13149d754c31a45417ef6d6a501f354d","name":"Javier Morales","image":{"@type":"ImageObject","inLanguage":"de","@id":"https:\/\/offsidetalks.com\/de\/#\/schema\/person\/image\/","url":"https:\/\/secure.gravatar.com\/avatar\/767ce2169df33f3dfac3c77f65946eadfa6549cf86ef24c2cdb9af98f05febc2?s=96&d=mm&r=g","contentUrl":"https:\/\/secure.gravatar.com\/avatar\/767ce2169df33f3dfac3c77f65946eadfa6549cf86ef24c2cdb9af98f05febc2?s=96&d=mm&r=g","caption":"Javier Morales"},"description":"I\u2019m Javier Morales, a football journalist with a deep love for the game and a knack for storytelling. Growing up at the core of Barcelona, football was always part of my life, and over the years, that passion led me to focus on LaLiga, where the skill, drama, and style of play never disappoint. I break down matches, highlight standout performances, and keep things real\u2014no overcomplicated stats, just clear and engaging analysis. Whether it\u2019s a rising star making waves or a classic rivalry heating up, I\u2019m here to bring you the best of Spanish football with a laid-back but insightful approach. For me, Barcelona FC all the way!","url":"https:\/\/offsidetalks.com\/de\/author\/javier-morales\/"}]}},"_links":{"self":[{"href":"https:\/\/offsidetalks.com\/de\/wp-json\/wp\/v2\/posts\/939","targetHints":{"allow":["GET"]}}],"collection":[{"href":"https:\/\/offsidetalks.com\/de\/wp-json\/wp\/v2\/posts"}],"about":[{"href":"https:\/\/offsidetalks.com\/de\/wp-json\/wp\/v2\/types\/post"}],"author":[{"embeddable":true,"href":"https:\/\/offsidetalks.com\/de\/wp-json\/wp\/v2\/users\/6"}],"replies":[{"embeddable":true,"href":"https:\/\/offsidetalks.com\/de\/wp-json\/wp\/v2\/comments?post=939"}],"version-history":[{"count":0,"href":"https:\/\/offsidetalks.com\/de\/wp-json\/wp\/v2\/posts\/939\/revisions"}],"wp:featuredmedia":[{"embeddable":true,"href":"https:\/\/offsidetalks.com\/de\/wp-json\/wp\/v2\/media\/519"}],"wp:attachment":[{"href":"https:\/\/offsidetalks.com\/de\/wp-json\/wp\/v2\/media?parent=939"}],"wp:term":[{"taxonomy":"category","embeddable":true,"href":"https:\/\/offsidetalks.com\/de\/wp-json\/wp\/v2\/categories?post=939"},{"taxonomy":"post_tag","embeddable":true,"href":"https:\/\/offsidetalks.com\/de\/wp-json\/wp\/v2\/tags?post=939"}],"curies":[{"name":"wp","href":"https:\/\/api.w.org\/{rel}","templated":true}]}}