{"id":929,"date":"2025-04-17T05:55:05","date_gmt":"2025-04-17T05:55:05","guid":{"rendered":"https:\/\/offsidetalks.com\/nicht-kategorisiert\/fia-vizeprasident-tritt-aufgrund-von-bedenken-zuruck\/"},"modified":"2025-04-17T05:55:05","modified_gmt":"2025-04-17T05:55:05","slug":"fia-vizeprasident-tritt-aufgrund-von-bedenken-zuruck","status":"publish","type":"post","link":"https:\/\/offsidetalks.com\/de\/formel-1-2\/fia-vizeprasident-tritt-aufgrund-von-bedenken-zuruck\/","title":{"rendered":"FIA-Vizepr\u00e4sident tritt aufgrund von Bedenken zur\u00fcck"},"content":{"rendered":"<p>Robert Reid, der ehemalige stellvertretende Pr\u00e4sident f\u00fcr Sport der FIA, hat seine R\u00fccktrittsgr\u00fcnde n\u00e4her erl\u00e4utert, die er kurz vor dem Gro\u00dfen Preis von Bahrain bekannt gegeben hatte. Sein Abgang verdeutlicht die anhaltenden Spannungen in Bezug auf die Governance innerhalb der Organisation unter der Leitung von Pr\u00e4sident Mohammed Ben Sulayem.<\/p>\n<p>In einem detaillierten Beitrag auf Substack erkl\u00e4rte Reid, dass sein R\u00fccktritt auf Meinungsverschiedenheiten mit den operativen Praktiken der FIA zur\u00fcckzuf\u00fchren sei. Er \u00e4u\u00dferte seine Entt\u00e4uschung \u00fcber das, was er als Missachtung grundlegender Governance-Prinzipien ansieht, die er urspr\u00fcnglich unterst\u00fctzen wollte.<\/p>\n<h2>Besorgnisse \u00fcber Governance<\/h2>\n<p>Reid \u00e4u\u00dferte erhebliche Bedenken hinsichtlich seiner Interaktionen innerhalb der FIA, nachdem er Kritik an verschiedenen Praktiken ge\u00e4u\u00dfert hatte. Er beschrieb ein wachsendes Gef\u00fchl der Isolation als Reaktion auf seine Versuche, ernste Probleme anzusprechen, und bemerkte: &#8220;Ich sprach mich aus, als ich glaubte, dass wesentliche Prinzipien untergraben wurden&#8230; Ich sah, wie die Herausforderung des Status quo zum Ausschluss statt zum konstruktiven Dialog f\u00fchren k\u00f6nnte.&#8221;<\/p>\n<p>Seine Bef\u00fcrchtungen wurden durch die j\u00fcngste Entscheidung der FIA, die volle Kontrolle \u00fcber die World Rallycross Championship zu \u00fcbernehmen, verst\u00e4rkt, eine Ma\u00dfnahme, vor der er rechtliche Konsequenzen bef\u00fcrchtet. Reid hob die Ernsthaftigkeit dieser Bedenken in seinen j\u00fcngsten Mitteilungen hervor.<\/p>\n<h2>Probleme mit Geheimhaltungsvereinbarungen und Ausschluss<\/h2>\n<p>Eine weitere bedeutende Entwicklung betraf seinen Ausschluss von einem Treffen des World Motor Sport Council, nachdem er gez\u00f6gert hatte, eine neue Geheimhaltungsvereinbarung (NDA) zu unterzeichnen. Reid betonte, dass er die NDA nicht ablehne, sondern rechtlichen Rat zu ihren Auswirkungen nach schweizerischem Recht einholen wollte. Als sein Antrag auf zus\u00e4tzliche Zeit zur Pr\u00fcfung der Vereinbarung abgelehnt wurde, hielt er die Situation f\u00fcr &#8220;unfair und rechtswidrig&#8221;, was zur unerwarteten Deaktivierung seines FIA-E-Mail-Kontos f\u00fchrte.<\/p>\n<p>Trotz der Herausforderungen, denen er gegen\u00fcberstand, bekr\u00e4ftigte Reid sein Engagement f\u00fcr Vertraulichkeit und gelobte, keine sensiblen Informationen preiszugeben, die er w\u00e4hrend seiner Amtszeit bei der FIA erworben hatte.<\/p>\n<h2>Unterst\u00fctzung und Bedenken<\/h2>\n<p>Nach der Ank\u00fcndigung seines R\u00fccktritts erhielt Reid zahlreiche unterst\u00fctzende Nachrichten von Kollegen innerhalb der FIA. Viele z\u00f6gerten jedoch, \u00f6ffentlich Solidarit\u00e4t zu zeigen, aus Angst vor Vergeltungsma\u00dfnahmen. Diese weit verbreitete Besorgnis unterstreicht tiefere systemische Probleme innerhalb der Organisation.<\/p>\n<p>Als Reaktion auf Reids R\u00fccktritt und seine Kritik an der Verwaltung der World Rallycross Championship, erkannte ein Sprecher der FIA seine Beitr\u00e4ge sowohl f\u00fcr die FIA als auch f\u00fcr die breitere Motorsportgemeinschaft an. Zudem bekr\u00e4ftigten sie das Bekenntnis der Organisation zu Corporate Governance und zur F\u00f6rderung der Teilnahme am Motorsport weltweit.<\/p>\n","protected":false},"excerpt":{"rendered":"<p>Robert Reid, der ehemalige FIA-Vizepr\u00e4sident, trat aufgrund erheblicher Governance-Bedenken und eines Mangels an Dialog zur\u00fcck. In seinen R\u00fccktrittskommentaren hob er die Herausforderungen hervor, einschlie\u00dflich des Ausschlusses von Sitzungen und Problemen im Zusammenhang mit einer Geheimhaltungsvereinbarung. Unterst\u00fctzende Kollegen \u00e4u\u00dferten sich besorgt \u00fcber m\u00f6gliche Vergeltungsma\u00dfnahmen und betonten tiefere systemische Probleme innerhalb der FIA.<\/p>\n","protected":false},"author":6,"featured_media":479,"comment_status":"open","ping_status":"open","sticky":false,"template":"","format":"standard","meta":{"_acf_changed":false,"_yoast_wpseo_title":"","_yoast_wpseo_metadesc":"Robert Reid erl\u00e4utert Gr\u00fcnde f\u00fcr seinen R\u00fccktritt.","_rewrk_id":[],"footnotes":""},"categories":[35],"tags":[],"class_list":["post-929","post","type-post","status-publish","format-standard","has-post-thumbnail","hentry","category-formel-1-2"],"acf":[],"yoast_head":"<!-- This site is optimized with the Yoast SEO plugin v27.0 - https:\/\/yoast.com\/product\/yoast-seo-wordpress\/ -->\n<title>FIA-Vizepr\u00e4sident tritt aufgrund von Bedenken zur\u00fcck - Offsidetalks.com<\/title>\n<meta name=\"description\" content=\"Robert Reid erl\u00e4utert Gr\u00fcnde f\u00fcr seinen R\u00fccktritt.\" \/>\n<meta name=\"robots\" content=\"noindex, follow, max-snippet:-1, max-image-preview:large, max-video-preview:-1\" \/>\n<meta property=\"og:locale\" content=\"de_DE\" \/>\n<meta property=\"og:type\" content=\"article\" \/>\n<meta property=\"og:title\" content=\"FIA-Vizepr\u00e4sident tritt aufgrund von Bedenken zur\u00fcck - Offsidetalks.com\" \/>\n<meta property=\"og:description\" content=\"Robert Reid erl\u00e4utert Gr\u00fcnde f\u00fcr seinen R\u00fccktritt.\" \/>\n<meta property=\"og:url\" content=\"https:\/\/offsidetalks.com\/de\/formel-1-2\/fia-vizeprasident-tritt-aufgrund-von-bedenken-zuruck\/\" \/>\n<meta property=\"og:site_name\" content=\"Offsidetalks.com\" \/>\n<meta property=\"article:published_time\" content=\"2025-04-17T05:55:05+00:00\" \/>\n<meta property=\"og:image\" content=\"https:\/\/offsidetalks.com\/wp-content\/uploads\/2025\/04\/frnnwz6kcrtpd4dpoam0knwekiy6vwpq-large.webp\" \/>\n\t<meta property=\"og:image:width\" content=\"1280\" \/>\n\t<meta property=\"og:image:height\" content=\"731\" \/>\n\t<meta property=\"og:image:type\" content=\"image\/webp\" \/>\n<meta name=\"author\" content=\"Javier Morales\" \/>\n<meta name=\"twitter:card\" content=\"summary_large_image\" \/>\n<meta name=\"twitter:label1\" content=\"Verfasst von\" \/>\n\t<meta name=\"twitter:data1\" content=\"Javier Morales\" \/>\n\t<meta name=\"twitter:label2\" content=\"Gesch\u00e4tzte Lesezeit\" \/>\n\t<meta name=\"twitter:data2\" content=\"2\u00a0Minuten\" \/>\n<script type=\"application\/ld+json\" class=\"yoast-schema-graph\">{\"@context\":\"https:\/\/schema.org\",\"@graph\":[{\"@type\":\"Article\",\"@id\":\"https:\/\/offsidetalks.com\/de\/formel-1-2\/fia-vizeprasident-tritt-aufgrund-von-bedenken-zuruck\/#article\",\"isPartOf\":{\"@id\":\"https:\/\/offsidetalks.com\/de\/formel-1-2\/fia-vizeprasident-tritt-aufgrund-von-bedenken-zuruck\/\"},\"author\":{\"name\":\"Javier Morales\",\"@id\":\"https:\/\/offsidetalks.com\/de\/#\/schema\/person\/13149d754c31a45417ef6d6a501f354d\"},\"headline\":\"FIA-Vizepr\u00e4sident tritt aufgrund von Bedenken zur\u00fcck\",\"datePublished\":\"2025-04-17T05:55:05+00:00\",\"mainEntityOfPage\":{\"@id\":\"https:\/\/offsidetalks.com\/de\/formel-1-2\/fia-vizeprasident-tritt-aufgrund-von-bedenken-zuruck\/\"},\"wordCount\":446,\"commentCount\":0,\"publisher\":{\"@id\":\"https:\/\/offsidetalks.com\/de\/#organization\"},\"image\":{\"@id\":\"https:\/\/offsidetalks.com\/de\/formel-1-2\/fia-vizeprasident-tritt-aufgrund-von-bedenken-zuruck\/#primaryimage\"},\"thumbnailUrl\":\"https:\/\/offsidetalks.com\/wp-content\/uploads\/2025\/04\/frnnwz6kcrtpd4dpoam0knwekiy6vwpq-large.webp\",\"articleSection\":[\"Formel 1\"],\"inLanguage\":\"de\",\"potentialAction\":[{\"@type\":\"CommentAction\",\"name\":\"Comment\",\"target\":[\"https:\/\/offsidetalks.com\/de\/formel-1-2\/fia-vizeprasident-tritt-aufgrund-von-bedenken-zuruck\/#respond\"]}]},{\"@type\":\"WebPage\",\"@id\":\"https:\/\/offsidetalks.com\/de\/formel-1-2\/fia-vizeprasident-tritt-aufgrund-von-bedenken-zuruck\/\",\"url\":\"https:\/\/offsidetalks.com\/de\/formel-1-2\/fia-vizeprasident-tritt-aufgrund-von-bedenken-zuruck\/\",\"name\":\"FIA-Vizepr\u00e4sident tritt aufgrund von Bedenken zur\u00fcck - Offsidetalks.com\",\"isPartOf\":{\"@id\":\"https:\/\/offsidetalks.com\/de\/#website\"},\"primaryImageOfPage\":{\"@id\":\"https:\/\/offsidetalks.com\/de\/formel-1-2\/fia-vizeprasident-tritt-aufgrund-von-bedenken-zuruck\/#primaryimage\"},\"image\":{\"@id\":\"https:\/\/offsidetalks.com\/de\/formel-1-2\/fia-vizeprasident-tritt-aufgrund-von-bedenken-zuruck\/#primaryimage\"},\"thumbnailUrl\":\"https:\/\/offsidetalks.com\/wp-content\/uploads\/2025\/04\/frnnwz6kcrtpd4dpoam0knwekiy6vwpq-large.webp\",\"datePublished\":\"2025-04-17T05:55:05+00:00\",\"description\":\"Robert Reid erl\u00e4utert Gr\u00fcnde f\u00fcr seinen R\u00fccktritt.\",\"breadcrumb\":{\"@id\":\"https:\/\/offsidetalks.com\/de\/formel-1-2\/fia-vizeprasident-tritt-aufgrund-von-bedenken-zuruck\/#breadcrumb\"},\"inLanguage\":\"de\",\"potentialAction\":[{\"@type\":\"ReadAction\",\"target\":[\"https:\/\/offsidetalks.com\/de\/formel-1-2\/fia-vizeprasident-tritt-aufgrund-von-bedenken-zuruck\/\"]}]},{\"@type\":\"ImageObject\",\"inLanguage\":\"de\",\"@id\":\"https:\/\/offsidetalks.com\/de\/formel-1-2\/fia-vizeprasident-tritt-aufgrund-von-bedenken-zuruck\/#primaryimage\",\"url\":\"https:\/\/offsidetalks.com\/wp-content\/uploads\/2025\/04\/frnnwz6kcrtpd4dpoam0knwekiy6vwpq-large.webp\",\"contentUrl\":\"https:\/\/offsidetalks.com\/wp-content\/uploads\/2025\/04\/frnnwz6kcrtpd4dpoam0knwekiy6vwpq-large.webp\",\"width\":1280,\"height\":731},{\"@type\":\"BreadcrumbList\",\"@id\":\"https:\/\/offsidetalks.com\/de\/formel-1-2\/fia-vizeprasident-tritt-aufgrund-von-bedenken-zuruck\/#breadcrumb\",\"itemListElement\":[{\"@type\":\"ListItem\",\"position\":1,\"name\":\"Offsidetalks.com\",\"item\":\"https:\/\/offsidetalks.com\/de\/\"},{\"@type\":\"ListItem\",\"position\":2,\"name\":\"Formel 1\",\"item\":\"https:\/\/offsidetalks.com\/de\/formel-1-2\/\"},{\"@type\":\"ListItem\",\"position\":3,\"name\":\"FIA-Vizepr\u00e4sident tritt aufgrund von Bedenken zur\u00fcck\"}]},{\"@type\":\"WebSite\",\"@id\":\"https:\/\/offsidetalks.com\/de\/#website\",\"url\":\"https:\/\/offsidetalks.com\/de\/\",\"name\":\"Offsidetalks.com\",\"description\":\"\",\"publisher\":{\"@id\":\"https:\/\/offsidetalks.com\/de\/#organization\"},\"potentialAction\":[{\"@type\":\"SearchAction\",\"target\":{\"@type\":\"EntryPoint\",\"urlTemplate\":\"https:\/\/offsidetalks.com\/de\/?s={search_term_string}\"},\"query-input\":{\"@type\":\"PropertyValueSpecification\",\"valueRequired\":true,\"valueName\":\"search_term_string\"}}],\"inLanguage\":\"de\"},{\"@type\":\"Organization\",\"@id\":\"https:\/\/offsidetalks.com\/de\/#organization\",\"name\":\"Offsidetalks.com\",\"url\":\"https:\/\/offsidetalks.com\/de\/\",\"logo\":{\"@type\":\"ImageObject\",\"inLanguage\":\"de\",\"@id\":\"https:\/\/offsidetalks.com\/de\/#\/schema\/logo\/image\/\",\"url\":\"https:\/\/offsidetalks.com\/wp-content\/uploads\/2025\/05\/Offside-talks-5.png\",\"contentUrl\":\"https:\/\/offsidetalks.com\/wp-content\/uploads\/2025\/05\/Offside-talks-5.png\",\"width\":886,\"height\":428,\"caption\":\"Offsidetalks.com\"},\"image\":{\"@id\":\"https:\/\/offsidetalks.com\/de\/#\/schema\/logo\/image\/\"}},{\"@type\":\"Person\",\"@id\":\"https:\/\/offsidetalks.com\/de\/#\/schema\/person\/13149d754c31a45417ef6d6a501f354d\",\"name\":\"Javier Morales\",\"image\":{\"@type\":\"ImageObject\",\"inLanguage\":\"de\",\"@id\":\"https:\/\/offsidetalks.com\/de\/#\/schema\/person\/image\/\",\"url\":\"https:\/\/secure.gravatar.com\/avatar\/767ce2169df33f3dfac3c77f65946eadfa6549cf86ef24c2cdb9af98f05febc2?s=96&d=mm&r=g\",\"contentUrl\":\"https:\/\/secure.gravatar.com\/avatar\/767ce2169df33f3dfac3c77f65946eadfa6549cf86ef24c2cdb9af98f05febc2?s=96&d=mm&r=g\",\"caption\":\"Javier Morales\"},\"description\":\"I\u2019m Javier Morales, a football journalist with a deep love for the game and a knack for storytelling. Growing up at the core of Barcelona, football was always part of my life, and over the years, that passion led me to focus on LaLiga, where the skill, drama, and style of play never disappoint. I break down matches, highlight standout performances, and keep things real\u2014no overcomplicated stats, just clear and engaging analysis. Whether it\u2019s a rising star making waves or a classic rivalry heating up, I\u2019m here to bring you the best of Spanish football with a laid-back but insightful approach. For me, Barcelona FC all the way!\",\"url\":\"https:\/\/offsidetalks.com\/de\/author\/javier-morales\/\"}]}<\/script>\n<!-- \/ Yoast SEO plugin. -->","yoast_head_json":{"title":"FIA-Vizepr\u00e4sident tritt aufgrund von Bedenken zur\u00fcck - Offsidetalks.com","description":"Robert Reid erl\u00e4utert Gr\u00fcnde f\u00fcr seinen R\u00fccktritt.","robots":{"index":"noindex","follow":"follow","max-snippet":"max-snippet:-1","max-image-preview":"max-image-preview:large","max-video-preview":"max-video-preview:-1"},"og_locale":"de_DE","og_type":"article","og_title":"FIA-Vizepr\u00e4sident tritt aufgrund von Bedenken zur\u00fcck - Offsidetalks.com","og_description":"Robert Reid erl\u00e4utert Gr\u00fcnde f\u00fcr seinen R\u00fccktritt.","og_url":"https:\/\/offsidetalks.com\/de\/formel-1-2\/fia-vizeprasident-tritt-aufgrund-von-bedenken-zuruck\/","og_site_name":"Offsidetalks.com","article_published_time":"2025-04-17T05:55:05+00:00","og_image":[{"width":1280,"height":731,"url":"https:\/\/offsidetalks.com\/wp-content\/uploads\/2025\/04\/frnnwz6kcrtpd4dpoam0knwekiy6vwpq-large.webp","type":"image\/webp"}],"author":"Javier Morales","twitter_card":"summary_large_image","twitter_misc":{"Verfasst von":"Javier Morales","Gesch\u00e4tzte Lesezeit":"2\u00a0Minuten"},"schema":{"@context":"https:\/\/schema.org","@graph":[{"@type":"Article","@id":"https:\/\/offsidetalks.com\/de\/formel-1-2\/fia-vizeprasident-tritt-aufgrund-von-bedenken-zuruck\/#article","isPartOf":{"@id":"https:\/\/offsidetalks.com\/de\/formel-1-2\/fia-vizeprasident-tritt-aufgrund-von-bedenken-zuruck\/"},"author":{"name":"Javier Morales","@id":"https:\/\/offsidetalks.com\/de\/#\/schema\/person\/13149d754c31a45417ef6d6a501f354d"},"headline":"FIA-Vizepr\u00e4sident tritt aufgrund von Bedenken zur\u00fcck","datePublished":"2025-04-17T05:55:05+00:00","mainEntityOfPage":{"@id":"https:\/\/offsidetalks.com\/de\/formel-1-2\/fia-vizeprasident-tritt-aufgrund-von-bedenken-zuruck\/"},"wordCount":446,"commentCount":0,"publisher":{"@id":"https:\/\/offsidetalks.com\/de\/#organization"},"image":{"@id":"https:\/\/offsidetalks.com\/de\/formel-1-2\/fia-vizeprasident-tritt-aufgrund-von-bedenken-zuruck\/#primaryimage"},"thumbnailUrl":"https:\/\/offsidetalks.com\/wp-content\/uploads\/2025\/04\/frnnwz6kcrtpd4dpoam0knwekiy6vwpq-large.webp","articleSection":["Formel 1"],"inLanguage":"de","potentialAction":[{"@type":"CommentAction","name":"Comment","target":["https:\/\/offsidetalks.com\/de\/formel-1-2\/fia-vizeprasident-tritt-aufgrund-von-bedenken-zuruck\/#respond"]}]},{"@type":"WebPage","@id":"https:\/\/offsidetalks.com\/de\/formel-1-2\/fia-vizeprasident-tritt-aufgrund-von-bedenken-zuruck\/","url":"https:\/\/offsidetalks.com\/de\/formel-1-2\/fia-vizeprasident-tritt-aufgrund-von-bedenken-zuruck\/","name":"FIA-Vizepr\u00e4sident tritt aufgrund von Bedenken zur\u00fcck - Offsidetalks.com","isPartOf":{"@id":"https:\/\/offsidetalks.com\/de\/#website"},"primaryImageOfPage":{"@id":"https:\/\/offsidetalks.com\/de\/formel-1-2\/fia-vizeprasident-tritt-aufgrund-von-bedenken-zuruck\/#primaryimage"},"image":{"@id":"https:\/\/offsidetalks.com\/de\/formel-1-2\/fia-vizeprasident-tritt-aufgrund-von-bedenken-zuruck\/#primaryimage"},"thumbnailUrl":"https:\/\/offsidetalks.com\/wp-content\/uploads\/2025\/04\/frnnwz6kcrtpd4dpoam0knwekiy6vwpq-large.webp","datePublished":"2025-04-17T05:55:05+00:00","description":"Robert Reid erl\u00e4utert Gr\u00fcnde f\u00fcr seinen R\u00fccktritt.","breadcrumb":{"@id":"https:\/\/offsidetalks.com\/de\/formel-1-2\/fia-vizeprasident-tritt-aufgrund-von-bedenken-zuruck\/#breadcrumb"},"inLanguage":"de","potentialAction":[{"@type":"ReadAction","target":["https:\/\/offsidetalks.com\/de\/formel-1-2\/fia-vizeprasident-tritt-aufgrund-von-bedenken-zuruck\/"]}]},{"@type":"ImageObject","inLanguage":"de","@id":"https:\/\/offsidetalks.com\/de\/formel-1-2\/fia-vizeprasident-tritt-aufgrund-von-bedenken-zuruck\/#primaryimage","url":"https:\/\/offsidetalks.com\/wp-content\/uploads\/2025\/04\/frnnwz6kcrtpd4dpoam0knwekiy6vwpq-large.webp","contentUrl":"https:\/\/offsidetalks.com\/wp-content\/uploads\/2025\/04\/frnnwz6kcrtpd4dpoam0knwekiy6vwpq-large.webp","width":1280,"height":731},{"@type":"BreadcrumbList","@id":"https:\/\/offsidetalks.com\/de\/formel-1-2\/fia-vizeprasident-tritt-aufgrund-von-bedenken-zuruck\/#breadcrumb","itemListElement":[{"@type":"ListItem","position":1,"name":"Offsidetalks.com","item":"https:\/\/offsidetalks.com\/de\/"},{"@type":"ListItem","position":2,"name":"Formel 1","item":"https:\/\/offsidetalks.com\/de\/formel-1-2\/"},{"@type":"ListItem","position":3,"name":"FIA-Vizepr\u00e4sident tritt aufgrund von Bedenken zur\u00fcck"}]},{"@type":"WebSite","@id":"https:\/\/offsidetalks.com\/de\/#website","url":"https:\/\/offsidetalks.com\/de\/","name":"Offsidetalks.com","description":"","publisher":{"@id":"https:\/\/offsidetalks.com\/de\/#organization"},"potentialAction":[{"@type":"SearchAction","target":{"@type":"EntryPoint","urlTemplate":"https:\/\/offsidetalks.com\/de\/?s={search_term_string}"},"query-input":{"@type":"PropertyValueSpecification","valueRequired":true,"valueName":"search_term_string"}}],"inLanguage":"de"},{"@type":"Organization","@id":"https:\/\/offsidetalks.com\/de\/#organization","name":"Offsidetalks.com","url":"https:\/\/offsidetalks.com\/de\/","logo":{"@type":"ImageObject","inLanguage":"de","@id":"https:\/\/offsidetalks.com\/de\/#\/schema\/logo\/image\/","url":"https:\/\/offsidetalks.com\/wp-content\/uploads\/2025\/05\/Offside-talks-5.png","contentUrl":"https:\/\/offsidetalks.com\/wp-content\/uploads\/2025\/05\/Offside-talks-5.png","width":886,"height":428,"caption":"Offsidetalks.com"},"image":{"@id":"https:\/\/offsidetalks.com\/de\/#\/schema\/logo\/image\/"}},{"@type":"Person","@id":"https:\/\/offsidetalks.com\/de\/#\/schema\/person\/13149d754c31a45417ef6d6a501f354d","name":"Javier Morales","image":{"@type":"ImageObject","inLanguage":"de","@id":"https:\/\/offsidetalks.com\/de\/#\/schema\/person\/image\/","url":"https:\/\/secure.gravatar.com\/avatar\/767ce2169df33f3dfac3c77f65946eadfa6549cf86ef24c2cdb9af98f05febc2?s=96&d=mm&r=g","contentUrl":"https:\/\/secure.gravatar.com\/avatar\/767ce2169df33f3dfac3c77f65946eadfa6549cf86ef24c2cdb9af98f05febc2?s=96&d=mm&r=g","caption":"Javier Morales"},"description":"I\u2019m Javier Morales, a football journalist with a deep love for the game and a knack for storytelling. Growing up at the core of Barcelona, football was always part of my life, and over the years, that passion led me to focus on LaLiga, where the skill, drama, and style of play never disappoint. I break down matches, highlight standout performances, and keep things real\u2014no overcomplicated stats, just clear and engaging analysis. Whether it\u2019s a rising star making waves or a classic rivalry heating up, I\u2019m here to bring you the best of Spanish football with a laid-back but insightful approach. For me, Barcelona FC all the way!","url":"https:\/\/offsidetalks.com\/de\/author\/javier-morales\/"}]}},"_links":{"self":[{"href":"https:\/\/offsidetalks.com\/de\/wp-json\/wp\/v2\/posts\/929","targetHints":{"allow":["GET"]}}],"collection":[{"href":"https:\/\/offsidetalks.com\/de\/wp-json\/wp\/v2\/posts"}],"about":[{"href":"https:\/\/offsidetalks.com\/de\/wp-json\/wp\/v2\/types\/post"}],"author":[{"embeddable":true,"href":"https:\/\/offsidetalks.com\/de\/wp-json\/wp\/v2\/users\/6"}],"replies":[{"embeddable":true,"href":"https:\/\/offsidetalks.com\/de\/wp-json\/wp\/v2\/comments?post=929"}],"version-history":[{"count":0,"href":"https:\/\/offsidetalks.com\/de\/wp-json\/wp\/v2\/posts\/929\/revisions"}],"wp:featuredmedia":[{"embeddable":true,"href":"https:\/\/offsidetalks.com\/de\/wp-json\/wp\/v2\/media\/479"}],"wp:attachment":[{"href":"https:\/\/offsidetalks.com\/de\/wp-json\/wp\/v2\/media?parent=929"}],"wp:term":[{"taxonomy":"category","embeddable":true,"href":"https:\/\/offsidetalks.com\/de\/wp-json\/wp\/v2\/categories?post=929"},{"taxonomy":"post_tag","embeddable":true,"href":"https:\/\/offsidetalks.com\/de\/wp-json\/wp\/v2\/tags?post=929"}],"curies":[{"name":"wp","href":"https:\/\/api.w.org\/{rel}","templated":true}]}}