{"id":908,"date":"2025-03-17T07:23:29","date_gmt":"2025-03-17T07:23:29","guid":{"rendered":"https:\/\/offsidetalks.com\/nicht-kategorisiert\/verletzungssorgen-fur-sudkoreanischen-verteidiger\/"},"modified":"2025-03-17T07:23:29","modified_gmt":"2025-03-17T07:23:29","slug":"verletzungssorgen-fur-sudkoreanischen-verteidiger","status":"publish","type":"post","link":"https:\/\/offsidetalks.com\/de\/fussball\/bundesliga-fussball\/verletzungssorgen-fur-sudkoreanischen-verteidiger\/","title":{"rendered":"Verletzungssorgen f\u00fcr s\u00fcdkoreanischen Verteidiger"},"content":{"rendered":"<p>Der s\u00fcdkoreanische Verteidiger Kim Min-jae wird die bevorstehenden WM-Qualifikationsspiele gegen Oman und Jordanien aufgrund einer Achillessehnenverletzung, die er sich im Dienst von Bayern M\u00fcnchen zuzog, verpassen. Seine Abwesenheit hat Kritik an der Vereinsf\u00fchrung hinsichtlich des Umgangs mit der Gesundheit der Spieler ausgel\u00f6st.<\/p>\n<h2>Kritik vom Nationaltrainer<\/h2>\n<p>Hong Myung-bo, Cheftrainer der s\u00fcdkoreanischen Nationalmannschaft, \u00e4u\u00dferte Bedenken \u00fcber den Umgang von Bayern M\u00fcnchen mit Kims Fitness. Er erkl\u00e4rte, dass der Verein Kim nicht ausreichend vor Verletzungen gesch\u00fctzt habe, was sowohl f\u00fcr das Nationalteam als auch f\u00fcr den Spieler einen erheblichen Verlust darstelle. &#8220;Wir sind in einer Situation, in der wir diese wichtigen Spiele ohne einen Schl\u00fcsselspieler bestreiten m\u00fcssen&#8221;, beklagte Hong.<\/p>\n<h2>Kims Einfluss und aktueller Status<\/h2>\n<p>Der 28-j\u00e4hrige Verteidiger war ein wichtiger Spieler f\u00fcr Bayern, da er in 37 der 41 Saisonspiele des Teams auftrat. Obwohl er in einem Bundesligaspiel gegen Bochum nicht zum Einsatz kam, spielte er ein vollst\u00e4ndiges Spiel in der Champions League gegen Bayer Leverkusen, kurz bevor seine Verletzung beurteilt wurde.<\/p>\n<h2>Implikationen f\u00fcr die Nationalmannschaft<\/h2>\n<p>Kim Min-jae war eine wichtige Figur f\u00fcr S\u00fcdkorea und hat 69 L\u00e4nderspiele absolviert, sowohl bei der WM 2022 als auch in der laufenden Qualifikation zur WM 2026. Sein Fehlen wird die Bem\u00fchungen des Teams, einen der beiden besten Pl\u00e4tze in ihrer Qualifikationsgruppe zu sichern, beeintr\u00e4chtigen; bisher haben sie 14 Punkte gesammelt.<\/p>\n<h2>Reaktionen von Bayern M\u00fcnchen<\/h2>\n<p>Bayern M\u00fcnchen hat bisher nicht \u00f6ffentlich auf die Vorw\u00fcrfe des s\u00fcdkoreanischen Trainers reagiert. Die Situation wirft gr\u00f6\u00dfere Fragen \u00fcber die Verantwortung der Vereine beim Schutz der Fitness der Spieler auf, insbesondere bei internationalen Spielen.<\/p>\n<h2>Bevorstehende Begegnungen f\u00fcr S\u00fcdkorea<\/h2>\n<p>Mit vier verbleibenden Spielen in der WM-Qualifikation befindet sich S\u00fcdkorea in einer starken Position und liegt f\u00fcnf Punkte vor dem drittplatzierten Jordanien, das am 25. M\u00e4rz zu einem Aufeinandertreffen kommt. Der FC Seoul-Verteidiger Kim Ju-sung wurde als Ersatz f\u00fcr Kim Min-jae f\u00fcr diese entscheidenden Qualifikationsspiele einberufen.<\/p>\n","protected":false},"excerpt":{"rendered":"<p>Kim Min-jae wird S\u00fcdkoreas WM-Qualifikationsspiele wegen einer Achillessehnenverletzung, die er sich bei Bayern M\u00fcnchen zuzog, verpassen. Trainer Hong Myung-bo kritisierte den Verein f\u00fcr den unzureichenden Schutz des Spielers und warf Fragen zur Verantwortung des Vereins im Gesundheitsmanagement auf. Kims Fehlen ist ein erheblicher Verlust f\u00fcr das Nationalteam auf ihrem Weg zur Qualifikation.<\/p>\n","protected":false},"author":5,"featured_media":399,"comment_status":"open","ping_status":"open","sticky":false,"template":"","format":"standard","meta":{"_acf_changed":false,"_yoast_wpseo_title":"","_yoast_wpseo_metadesc":"Kim Min-jaes Verletzung wirft Fragen zur Verantwortung der Vereine auf.","_rewrk_id":[],"footnotes":""},"categories":[34],"tags":[],"class_list":["post-908","post","type-post","status-publish","format-standard","has-post-thumbnail","hentry","category-bundesliga-fussball"],"acf":[],"yoast_head":"<!-- This site is optimized with the Yoast SEO plugin v27.0 - https:\/\/yoast.com\/product\/yoast-seo-wordpress\/ -->\n<title>Verletzungssorgen f\u00fcr s\u00fcdkoreanischen Verteidiger - Offsidetalks.com<\/title>\n<meta name=\"description\" content=\"Kim Min-jaes Verletzung wirft Fragen zur Verantwortung der Vereine auf.\" \/>\n<meta name=\"robots\" content=\"noindex, follow, max-snippet:-1, max-image-preview:large, max-video-preview:-1\" \/>\n<meta property=\"og:locale\" content=\"de_DE\" \/>\n<meta property=\"og:type\" content=\"article\" \/>\n<meta property=\"og:title\" content=\"Verletzungssorgen f\u00fcr s\u00fcdkoreanischen Verteidiger - Offsidetalks.com\" \/>\n<meta property=\"og:description\" content=\"Kim Min-jaes Verletzung wirft Fragen zur Verantwortung der Vereine auf.\" \/>\n<meta property=\"og:url\" content=\"https:\/\/offsidetalks.com\/de\/fussball\/bundesliga-fussball\/verletzungssorgen-fur-sudkoreanischen-verteidiger\/\" \/>\n<meta property=\"og:site_name\" content=\"Offsidetalks.com\" \/>\n<meta property=\"article:published_time\" content=\"2025-03-17T07:23:29+00:00\" \/>\n<meta property=\"og:image\" content=\"https:\/\/offsidetalks.com\/wp-content\/uploads\/2025\/04\/1md4ebl05gplzdm5kiw5g2etcmqv4bep-large.webp\" \/>\n\t<meta property=\"og:image:width\" content=\"1280\" \/>\n\t<meta property=\"og:image:height\" content=\"731\" \/>\n\t<meta property=\"og:image:type\" content=\"image\/webp\" \/>\n<meta name=\"author\" content=\"Daniel Evans\" \/>\n<meta name=\"twitter:card\" content=\"summary_large_image\" \/>\n<meta name=\"twitter:label1\" content=\"Verfasst von\" \/>\n\t<meta name=\"twitter:data1\" content=\"Daniel Evans\" \/>\n\t<meta name=\"twitter:label2\" content=\"Gesch\u00e4tzte Lesezeit\" \/>\n\t<meta name=\"twitter:data2\" content=\"2\u00a0Minuten\" \/>\n<script type=\"application\/ld+json\" class=\"yoast-schema-graph\">{\"@context\":\"https:\/\/schema.org\",\"@graph\":[{\"@type\":\"Article\",\"@id\":\"https:\/\/offsidetalks.com\/de\/fussball\/bundesliga-fussball\/verletzungssorgen-fur-sudkoreanischen-verteidiger\/#article\",\"isPartOf\":{\"@id\":\"https:\/\/offsidetalks.com\/de\/fussball\/bundesliga-fussball\/verletzungssorgen-fur-sudkoreanischen-verteidiger\/\"},\"author\":{\"name\":\"Daniel Evans\",\"@id\":\"https:\/\/offsidetalks.com\/de\/#\/schema\/person\/521e482ea0b788420a5a28f9560b129f\"},\"headline\":\"Verletzungssorgen f\u00fcr s\u00fcdkoreanischen Verteidiger\",\"datePublished\":\"2025-03-17T07:23:29+00:00\",\"mainEntityOfPage\":{\"@id\":\"https:\/\/offsidetalks.com\/de\/fussball\/bundesliga-fussball\/verletzungssorgen-fur-sudkoreanischen-verteidiger\/\"},\"wordCount\":336,\"commentCount\":0,\"publisher\":{\"@id\":\"https:\/\/offsidetalks.com\/de\/#organization\"},\"image\":{\"@id\":\"https:\/\/offsidetalks.com\/de\/fussball\/bundesliga-fussball\/verletzungssorgen-fur-sudkoreanischen-verteidiger\/#primaryimage\"},\"thumbnailUrl\":\"https:\/\/offsidetalks.com\/wp-content\/uploads\/2025\/04\/1md4ebl05gplzdm5kiw5g2etcmqv4bep-large.webp\",\"articleSection\":[\"Bundesliga\"],\"inLanguage\":\"de\",\"potentialAction\":[{\"@type\":\"CommentAction\",\"name\":\"Comment\",\"target\":[\"https:\/\/offsidetalks.com\/de\/fussball\/bundesliga-fussball\/verletzungssorgen-fur-sudkoreanischen-verteidiger\/#respond\"]}]},{\"@type\":\"WebPage\",\"@id\":\"https:\/\/offsidetalks.com\/de\/fussball\/bundesliga-fussball\/verletzungssorgen-fur-sudkoreanischen-verteidiger\/\",\"url\":\"https:\/\/offsidetalks.com\/de\/fussball\/bundesliga-fussball\/verletzungssorgen-fur-sudkoreanischen-verteidiger\/\",\"name\":\"Verletzungssorgen f\u00fcr s\u00fcdkoreanischen Verteidiger - Offsidetalks.com\",\"isPartOf\":{\"@id\":\"https:\/\/offsidetalks.com\/de\/#website\"},\"primaryImageOfPage\":{\"@id\":\"https:\/\/offsidetalks.com\/de\/fussball\/bundesliga-fussball\/verletzungssorgen-fur-sudkoreanischen-verteidiger\/#primaryimage\"},\"image\":{\"@id\":\"https:\/\/offsidetalks.com\/de\/fussball\/bundesliga-fussball\/verletzungssorgen-fur-sudkoreanischen-verteidiger\/#primaryimage\"},\"thumbnailUrl\":\"https:\/\/offsidetalks.com\/wp-content\/uploads\/2025\/04\/1md4ebl05gplzdm5kiw5g2etcmqv4bep-large.webp\",\"datePublished\":\"2025-03-17T07:23:29+00:00\",\"description\":\"Kim Min-jaes Verletzung wirft Fragen zur Verantwortung der Vereine auf.\",\"breadcrumb\":{\"@id\":\"https:\/\/offsidetalks.com\/de\/fussball\/bundesliga-fussball\/verletzungssorgen-fur-sudkoreanischen-verteidiger\/#breadcrumb\"},\"inLanguage\":\"de\",\"potentialAction\":[{\"@type\":\"ReadAction\",\"target\":[\"https:\/\/offsidetalks.com\/de\/fussball\/bundesliga-fussball\/verletzungssorgen-fur-sudkoreanischen-verteidiger\/\"]}]},{\"@type\":\"ImageObject\",\"inLanguage\":\"de\",\"@id\":\"https:\/\/offsidetalks.com\/de\/fussball\/bundesliga-fussball\/verletzungssorgen-fur-sudkoreanischen-verteidiger\/#primaryimage\",\"url\":\"https:\/\/offsidetalks.com\/wp-content\/uploads\/2025\/04\/1md4ebl05gplzdm5kiw5g2etcmqv4bep-large.webp\",\"contentUrl\":\"https:\/\/offsidetalks.com\/wp-content\/uploads\/2025\/04\/1md4ebl05gplzdm5kiw5g2etcmqv4bep-large.webp\",\"width\":1280,\"height\":731},{\"@type\":\"BreadcrumbList\",\"@id\":\"https:\/\/offsidetalks.com\/de\/fussball\/bundesliga-fussball\/verletzungssorgen-fur-sudkoreanischen-verteidiger\/#breadcrumb\",\"itemListElement\":[{\"@type\":\"ListItem\",\"position\":1,\"name\":\"Offsidetalks.com\",\"item\":\"https:\/\/offsidetalks.com\/de\/\"},{\"@type\":\"ListItem\",\"position\":2,\"name\":\"Fu\u00dfball\",\"item\":\"https:\/\/offsidetalks.com\/de\/fussball\/\"},{\"@type\":\"ListItem\",\"position\":3,\"name\":\"Bundesliga\",\"item\":\"https:\/\/offsidetalks.com\/de\/fussball\/bundesliga-fussball\/\"},{\"@type\":\"ListItem\",\"position\":4,\"name\":\"Verletzungssorgen f\u00fcr s\u00fcdkoreanischen Verteidiger\"}]},{\"@type\":\"WebSite\",\"@id\":\"https:\/\/offsidetalks.com\/de\/#website\",\"url\":\"https:\/\/offsidetalks.com\/de\/\",\"name\":\"Offsidetalks.com\",\"description\":\"\",\"publisher\":{\"@id\":\"https:\/\/offsidetalks.com\/de\/#organization\"},\"potentialAction\":[{\"@type\":\"SearchAction\",\"target\":{\"@type\":\"EntryPoint\",\"urlTemplate\":\"https:\/\/offsidetalks.com\/de\/?s={search_term_string}\"},\"query-input\":{\"@type\":\"PropertyValueSpecification\",\"valueRequired\":true,\"valueName\":\"search_term_string\"}}],\"inLanguage\":\"de\"},{\"@type\":\"Organization\",\"@id\":\"https:\/\/offsidetalks.com\/de\/#organization\",\"name\":\"Offsidetalks.com\",\"url\":\"https:\/\/offsidetalks.com\/de\/\",\"logo\":{\"@type\":\"ImageObject\",\"inLanguage\":\"de\",\"@id\":\"https:\/\/offsidetalks.com\/de\/#\/schema\/logo\/image\/\",\"url\":\"https:\/\/offsidetalks.com\/wp-content\/uploads\/2025\/05\/Offside-talks-5.png\",\"contentUrl\":\"https:\/\/offsidetalks.com\/wp-content\/uploads\/2025\/05\/Offside-talks-5.png\",\"width\":886,\"height\":428,\"caption\":\"Offsidetalks.com\"},\"image\":{\"@id\":\"https:\/\/offsidetalks.com\/de\/#\/schema\/logo\/image\/\"}},{\"@type\":\"Person\",\"@id\":\"https:\/\/offsidetalks.com\/de\/#\/schema\/person\/521e482ea0b788420a5a28f9560b129f\",\"name\":\"Daniel Evans\",\"image\":{\"@type\":\"ImageObject\",\"inLanguage\":\"de\",\"@id\":\"https:\/\/offsidetalks.com\/de\/#\/schema\/person\/image\/\",\"url\":\"https:\/\/secure.gravatar.com\/avatar\/4427528f666d5e2db5bdad6c04e1b7fc58b52410509d4f9293ce215a2d73547c?s=96&d=mm&r=g\",\"contentUrl\":\"https:\/\/secure.gravatar.com\/avatar\/4427528f666d5e2db5bdad6c04e1b7fc58b52410509d4f9293ce215a2d73547c?s=96&d=mm&r=g\",\"caption\":\"Daniel Evans\"},\"description\":\"I'm Daniel Evans, a passionate football journalist with deep roots in the game. Born and raised in the greater London metropolitan area, my love for football started early and became a driving force in my career. A year studying abroad in Hamburg, Germany, solidified my focus on both the Premier League and the Bundesliga, where I break down key moments, analyze performances, and deliver in-depth coverage. With a keen eye for tactics and a dedication to storytelling, I keep fans engaged with expert insights from England to Germany and beyond. Favourite teams are Leicester City F.C. and Hamburger SV. If the two meet? Leicester City!\",\"url\":\"https:\/\/offsidetalks.com\/de\/author\/daniels-evans\/\"}]}<\/script>\n<!-- \/ Yoast SEO plugin. -->","yoast_head_json":{"title":"Verletzungssorgen f\u00fcr s\u00fcdkoreanischen Verteidiger - Offsidetalks.com","description":"Kim Min-jaes Verletzung wirft Fragen zur Verantwortung der Vereine auf.","robots":{"index":"noindex","follow":"follow","max-snippet":"max-snippet:-1","max-image-preview":"max-image-preview:large","max-video-preview":"max-video-preview:-1"},"og_locale":"de_DE","og_type":"article","og_title":"Verletzungssorgen f\u00fcr s\u00fcdkoreanischen Verteidiger - Offsidetalks.com","og_description":"Kim Min-jaes Verletzung wirft Fragen zur Verantwortung der Vereine auf.","og_url":"https:\/\/offsidetalks.com\/de\/fussball\/bundesliga-fussball\/verletzungssorgen-fur-sudkoreanischen-verteidiger\/","og_site_name":"Offsidetalks.com","article_published_time":"2025-03-17T07:23:29+00:00","og_image":[{"width":1280,"height":731,"url":"https:\/\/offsidetalks.com\/wp-content\/uploads\/2025\/04\/1md4ebl05gplzdm5kiw5g2etcmqv4bep-large.webp","type":"image\/webp"}],"author":"Daniel Evans","twitter_card":"summary_large_image","twitter_misc":{"Verfasst von":"Daniel Evans","Gesch\u00e4tzte Lesezeit":"2\u00a0Minuten"},"schema":{"@context":"https:\/\/schema.org","@graph":[{"@type":"Article","@id":"https:\/\/offsidetalks.com\/de\/fussball\/bundesliga-fussball\/verletzungssorgen-fur-sudkoreanischen-verteidiger\/#article","isPartOf":{"@id":"https:\/\/offsidetalks.com\/de\/fussball\/bundesliga-fussball\/verletzungssorgen-fur-sudkoreanischen-verteidiger\/"},"author":{"name":"Daniel Evans","@id":"https:\/\/offsidetalks.com\/de\/#\/schema\/person\/521e482ea0b788420a5a28f9560b129f"},"headline":"Verletzungssorgen f\u00fcr s\u00fcdkoreanischen Verteidiger","datePublished":"2025-03-17T07:23:29+00:00","mainEntityOfPage":{"@id":"https:\/\/offsidetalks.com\/de\/fussball\/bundesliga-fussball\/verletzungssorgen-fur-sudkoreanischen-verteidiger\/"},"wordCount":336,"commentCount":0,"publisher":{"@id":"https:\/\/offsidetalks.com\/de\/#organization"},"image":{"@id":"https:\/\/offsidetalks.com\/de\/fussball\/bundesliga-fussball\/verletzungssorgen-fur-sudkoreanischen-verteidiger\/#primaryimage"},"thumbnailUrl":"https:\/\/offsidetalks.com\/wp-content\/uploads\/2025\/04\/1md4ebl05gplzdm5kiw5g2etcmqv4bep-large.webp","articleSection":["Bundesliga"],"inLanguage":"de","potentialAction":[{"@type":"CommentAction","name":"Comment","target":["https:\/\/offsidetalks.com\/de\/fussball\/bundesliga-fussball\/verletzungssorgen-fur-sudkoreanischen-verteidiger\/#respond"]}]},{"@type":"WebPage","@id":"https:\/\/offsidetalks.com\/de\/fussball\/bundesliga-fussball\/verletzungssorgen-fur-sudkoreanischen-verteidiger\/","url":"https:\/\/offsidetalks.com\/de\/fussball\/bundesliga-fussball\/verletzungssorgen-fur-sudkoreanischen-verteidiger\/","name":"Verletzungssorgen f\u00fcr s\u00fcdkoreanischen Verteidiger - Offsidetalks.com","isPartOf":{"@id":"https:\/\/offsidetalks.com\/de\/#website"},"primaryImageOfPage":{"@id":"https:\/\/offsidetalks.com\/de\/fussball\/bundesliga-fussball\/verletzungssorgen-fur-sudkoreanischen-verteidiger\/#primaryimage"},"image":{"@id":"https:\/\/offsidetalks.com\/de\/fussball\/bundesliga-fussball\/verletzungssorgen-fur-sudkoreanischen-verteidiger\/#primaryimage"},"thumbnailUrl":"https:\/\/offsidetalks.com\/wp-content\/uploads\/2025\/04\/1md4ebl05gplzdm5kiw5g2etcmqv4bep-large.webp","datePublished":"2025-03-17T07:23:29+00:00","description":"Kim Min-jaes Verletzung wirft Fragen zur Verantwortung der Vereine auf.","breadcrumb":{"@id":"https:\/\/offsidetalks.com\/de\/fussball\/bundesliga-fussball\/verletzungssorgen-fur-sudkoreanischen-verteidiger\/#breadcrumb"},"inLanguage":"de","potentialAction":[{"@type":"ReadAction","target":["https:\/\/offsidetalks.com\/de\/fussball\/bundesliga-fussball\/verletzungssorgen-fur-sudkoreanischen-verteidiger\/"]}]},{"@type":"ImageObject","inLanguage":"de","@id":"https:\/\/offsidetalks.com\/de\/fussball\/bundesliga-fussball\/verletzungssorgen-fur-sudkoreanischen-verteidiger\/#primaryimage","url":"https:\/\/offsidetalks.com\/wp-content\/uploads\/2025\/04\/1md4ebl05gplzdm5kiw5g2etcmqv4bep-large.webp","contentUrl":"https:\/\/offsidetalks.com\/wp-content\/uploads\/2025\/04\/1md4ebl05gplzdm5kiw5g2etcmqv4bep-large.webp","width":1280,"height":731},{"@type":"BreadcrumbList","@id":"https:\/\/offsidetalks.com\/de\/fussball\/bundesliga-fussball\/verletzungssorgen-fur-sudkoreanischen-verteidiger\/#breadcrumb","itemListElement":[{"@type":"ListItem","position":1,"name":"Offsidetalks.com","item":"https:\/\/offsidetalks.com\/de\/"},{"@type":"ListItem","position":2,"name":"Fu\u00dfball","item":"https:\/\/offsidetalks.com\/de\/fussball\/"},{"@type":"ListItem","position":3,"name":"Bundesliga","item":"https:\/\/offsidetalks.com\/de\/fussball\/bundesliga-fussball\/"},{"@type":"ListItem","position":4,"name":"Verletzungssorgen f\u00fcr s\u00fcdkoreanischen Verteidiger"}]},{"@type":"WebSite","@id":"https:\/\/offsidetalks.com\/de\/#website","url":"https:\/\/offsidetalks.com\/de\/","name":"Offsidetalks.com","description":"","publisher":{"@id":"https:\/\/offsidetalks.com\/de\/#organization"},"potentialAction":[{"@type":"SearchAction","target":{"@type":"EntryPoint","urlTemplate":"https:\/\/offsidetalks.com\/de\/?s={search_term_string}"},"query-input":{"@type":"PropertyValueSpecification","valueRequired":true,"valueName":"search_term_string"}}],"inLanguage":"de"},{"@type":"Organization","@id":"https:\/\/offsidetalks.com\/de\/#organization","name":"Offsidetalks.com","url":"https:\/\/offsidetalks.com\/de\/","logo":{"@type":"ImageObject","inLanguage":"de","@id":"https:\/\/offsidetalks.com\/de\/#\/schema\/logo\/image\/","url":"https:\/\/offsidetalks.com\/wp-content\/uploads\/2025\/05\/Offside-talks-5.png","contentUrl":"https:\/\/offsidetalks.com\/wp-content\/uploads\/2025\/05\/Offside-talks-5.png","width":886,"height":428,"caption":"Offsidetalks.com"},"image":{"@id":"https:\/\/offsidetalks.com\/de\/#\/schema\/logo\/image\/"}},{"@type":"Person","@id":"https:\/\/offsidetalks.com\/de\/#\/schema\/person\/521e482ea0b788420a5a28f9560b129f","name":"Daniel Evans","image":{"@type":"ImageObject","inLanguage":"de","@id":"https:\/\/offsidetalks.com\/de\/#\/schema\/person\/image\/","url":"https:\/\/secure.gravatar.com\/avatar\/4427528f666d5e2db5bdad6c04e1b7fc58b52410509d4f9293ce215a2d73547c?s=96&d=mm&r=g","contentUrl":"https:\/\/secure.gravatar.com\/avatar\/4427528f666d5e2db5bdad6c04e1b7fc58b52410509d4f9293ce215a2d73547c?s=96&d=mm&r=g","caption":"Daniel Evans"},"description":"I'm Daniel Evans, a passionate football journalist with deep roots in the game. Born and raised in the greater London metropolitan area, my love for football started early and became a driving force in my career. A year studying abroad in Hamburg, Germany, solidified my focus on both the Premier League and the Bundesliga, where I break down key moments, analyze performances, and deliver in-depth coverage. With a keen eye for tactics and a dedication to storytelling, I keep fans engaged with expert insights from England to Germany and beyond. Favourite teams are Leicester City F.C. and Hamburger SV. If the two meet? Leicester City!","url":"https:\/\/offsidetalks.com\/de\/author\/daniels-evans\/"}]}},"_links":{"self":[{"href":"https:\/\/offsidetalks.com\/de\/wp-json\/wp\/v2\/posts\/908","targetHints":{"allow":["GET"]}}],"collection":[{"href":"https:\/\/offsidetalks.com\/de\/wp-json\/wp\/v2\/posts"}],"about":[{"href":"https:\/\/offsidetalks.com\/de\/wp-json\/wp\/v2\/types\/post"}],"author":[{"embeddable":true,"href":"https:\/\/offsidetalks.com\/de\/wp-json\/wp\/v2\/users\/5"}],"replies":[{"embeddable":true,"href":"https:\/\/offsidetalks.com\/de\/wp-json\/wp\/v2\/comments?post=908"}],"version-history":[{"count":0,"href":"https:\/\/offsidetalks.com\/de\/wp-json\/wp\/v2\/posts\/908\/revisions"}],"wp:featuredmedia":[{"embeddable":true,"href":"https:\/\/offsidetalks.com\/de\/wp-json\/wp\/v2\/media\/399"}],"wp:attachment":[{"href":"https:\/\/offsidetalks.com\/de\/wp-json\/wp\/v2\/media?parent=908"}],"wp:term":[{"taxonomy":"category","embeddable":true,"href":"https:\/\/offsidetalks.com\/de\/wp-json\/wp\/v2\/categories?post=908"},{"taxonomy":"post_tag","embeddable":true,"href":"https:\/\/offsidetalks.com\/de\/wp-json\/wp\/v2\/tags?post=908"}],"curies":[{"name":"wp","href":"https:\/\/api.w.org\/{rel}","templated":true}]}}