{"id":1582,"date":"2025-04-19T07:53:17","date_gmt":"2025-04-19T07:53:17","guid":{"rendered":"https:\/\/offsidetalks.com\/nicht-kategorisiert\/vettel-als-potenzieller-nachfolger-von-marko-angesehen\/"},"modified":"2025-04-19T07:53:17","modified_gmt":"2025-04-19T07:53:17","slug":"vettel-als-potenzieller-nachfolger-von-marko-angesehen","status":"publish","type":"post","link":"https:\/\/offsidetalks.com\/de\/formel-1-2\/vettel-als-potenzieller-nachfolger-von-marko-angesehen\/","title":{"rendered":"Vettel als potenzieller Nachfolger von Marko angesehen"},"content":{"rendered":"<p>Helmut Marko, 81 Jahre alt, ist ein wichtiger Berater bei Red Bull Racing und hat angedeutet, dass Sebastian Vettel ein geeigneter Kandidat w\u00e4re, um ihn als Chefberater f\u00fcr Motorsport abzul\u00f6sen. Als vierfacher Weltmeister hat Vettel eine lange Beziehung zu Red Bull, was ihn zu einer prominenten Wahl f\u00fcr k\u00fcnftige F\u00fchrungsaufgaben innerhalb des Teams macht.<\/p>\n<h2>Markos \u00dcbergangsplanung<\/h2>\n<p>Marko hat offen die Notwendigkeit zuk\u00fcnftiger Pl\u00e4ne bez\u00fcglich seiner Nachfolge anerkannt und darauf hingewiesen, dass Vettel effektiv seine Rolle \u00fcbernehmen k\u00f6nnte. Obwohl er keinen endg\u00fcltigen Ruhestandsplan festgelegt hat, betonte Marko die Wichtigkeit eines reibungslosen \u00dcbergangs, um die Abl\u00e4ufe des Teams aufrechtzuerhalten.<\/p>\n<h2>Vettels Weg nach der Rennkarriere<\/h2>\n<p>Seit seinem R\u00fccktritt aus der Formel 1 im Jahr 2022 erw\u00e4gt Vettel Richtungen, die mit seiner Leidenschaft f\u00fcr den Motorsport im Einklang stehen, insbesondere mit dem Fokus auf die Mentorschaft j\u00fcngerer Fahrer. Obwohl seine spezifische zuk\u00fcnftige Rolle noch unentschieden ist, engagiert er sich aktiv bei Nachwuchstalenten und signalisiert dadurch seinen Wunsch, weiterhin in der Motorsportwelt pr\u00e4sent zu bleiben.<\/p>\n<h2>F\u00f6rderung von Inklusion im Motorsport<\/h2>\n<p>Derzeit ist Vettel an einem Programm namens &#8220;Race4Women&#8221; in Saudi-Arabien beteiligt, das darauf abzielt, jungen M\u00e4dchen mehr M\u00f6glichkeiten im Motorsport zu bieten. Diese Initiative soll sie an den Kartsport heranf\u00fchren und die Geschlechtervielfalt im Rennsport f\u00f6rdern, was Vettels Engagement f\u00fcr die Schaffung integrativer Wege im Sport wiederspiegelt.<\/p>\n","protected":false},"excerpt":{"rendered":"<p>Helmut Marko sieht Sebastian Vettel als potenziellen Nachfolger in der F\u00fchrung von Red Bull Racing. Im Alter von 81 Jahren erkennt Marko die Notwendigkeit einer zuk\u00fcnftigen Planung an und bef\u00fcrwortet Vettel, einen viermaligen Meister, f\u00fcr eine Mentorenrolle. Nach seinem R\u00fccktritt setzt sich Vettel mit Initiativen wie &#8220;Race4Women&#8221; f\u00fcr die F\u00f6rderung junger weiblicher Talente im Motorsport ein.<\/p>\n","protected":false},"author":6,"featured_media":1316,"comment_status":"open","ping_status":"open","sticky":false,"template":"","format":"standard","meta":{"_acf_changed":false,"_yoast_wpseo_title":"","_yoast_wpseo_metadesc":"Helmut Marko sieht Sebastian Vettel als Nachfolger.","_rewrk_id":[],"footnotes":""},"categories":[35],"tags":[],"class_list":["post-1582","post","type-post","status-publish","format-standard","has-post-thumbnail","hentry","category-formel-1-2"],"acf":[],"yoast_head":"<!-- This site is optimized with the Yoast SEO plugin v27.0 - https:\/\/yoast.com\/product\/yoast-seo-wordpress\/ -->\n<title>Vettel als potenzieller Nachfolger von Marko angesehen - Offsidetalks.com<\/title>\n<meta name=\"description\" content=\"Helmut Marko sieht Sebastian Vettel als Nachfolger.\" \/>\n<meta name=\"robots\" content=\"noindex, follow, max-snippet:-1, max-image-preview:large, max-video-preview:-1\" \/>\n<meta property=\"og:locale\" content=\"de_DE\" \/>\n<meta property=\"og:type\" content=\"article\" \/>\n<meta property=\"og:title\" content=\"Vettel als potenzieller Nachfolger von Marko angesehen - Offsidetalks.com\" \/>\n<meta property=\"og:description\" content=\"Helmut Marko sieht Sebastian Vettel als Nachfolger.\" \/>\n<meta property=\"og:url\" content=\"https:\/\/offsidetalks.com\/de\/formel-1-2\/vettel-als-potenzieller-nachfolger-von-marko-angesehen\/\" \/>\n<meta property=\"og:site_name\" content=\"Offsidetalks.com\" \/>\n<meta property=\"article:published_time\" content=\"2025-04-19T07:53:17+00:00\" \/>\n<meta property=\"og:image\" content=\"https:\/\/offsidetalks.com\/wp-content\/uploads\/2025\/04\/j3vklaf8fkjb8kw26br1h5o0e3cdm52e-large.webp\" \/>\n\t<meta property=\"og:image:width\" content=\"1280\" \/>\n\t<meta property=\"og:image:height\" content=\"731\" \/>\n\t<meta property=\"og:image:type\" content=\"image\/webp\" \/>\n<meta name=\"author\" content=\"Javier Morales\" \/>\n<meta name=\"twitter:card\" content=\"summary_large_image\" \/>\n<meta name=\"twitter:label1\" content=\"Verfasst von\" \/>\n\t<meta name=\"twitter:data1\" content=\"Javier Morales\" \/>\n\t<meta name=\"twitter:label2\" content=\"Gesch\u00e4tzte Lesezeit\" \/>\n\t<meta name=\"twitter:data2\" content=\"1\u00a0Minute\" \/>\n<script type=\"application\/ld+json\" class=\"yoast-schema-graph\">{\"@context\":\"https:\/\/schema.org\",\"@graph\":[{\"@type\":\"Article\",\"@id\":\"https:\/\/offsidetalks.com\/de\/formel-1-2\/vettel-als-potenzieller-nachfolger-von-marko-angesehen\/#article\",\"isPartOf\":{\"@id\":\"https:\/\/offsidetalks.com\/de\/formel-1-2\/vettel-als-potenzieller-nachfolger-von-marko-angesehen\/\"},\"author\":{\"name\":\"Javier Morales\",\"@id\":\"https:\/\/offsidetalks.com\/de\/#\/schema\/person\/13149d754c31a45417ef6d6a501f354d\"},\"headline\":\"Vettel als potenzieller Nachfolger von Marko angesehen\",\"datePublished\":\"2025-04-19T07:53:17+00:00\",\"mainEntityOfPage\":{\"@id\":\"https:\/\/offsidetalks.com\/de\/formel-1-2\/vettel-als-potenzieller-nachfolger-von-marko-angesehen\/\"},\"wordCount\":241,\"commentCount\":0,\"publisher\":{\"@id\":\"https:\/\/offsidetalks.com\/de\/#organization\"},\"image\":{\"@id\":\"https:\/\/offsidetalks.com\/de\/formel-1-2\/vettel-als-potenzieller-nachfolger-von-marko-angesehen\/#primaryimage\"},\"thumbnailUrl\":\"https:\/\/offsidetalks.com\/wp-content\/uploads\/2025\/04\/j3vklaf8fkjb8kw26br1h5o0e3cdm52e-large.webp\",\"articleSection\":[\"Formel 1\"],\"inLanguage\":\"de\",\"potentialAction\":[{\"@type\":\"CommentAction\",\"name\":\"Comment\",\"target\":[\"https:\/\/offsidetalks.com\/de\/formel-1-2\/vettel-als-potenzieller-nachfolger-von-marko-angesehen\/#respond\"]}]},{\"@type\":\"WebPage\",\"@id\":\"https:\/\/offsidetalks.com\/de\/formel-1-2\/vettel-als-potenzieller-nachfolger-von-marko-angesehen\/\",\"url\":\"https:\/\/offsidetalks.com\/de\/formel-1-2\/vettel-als-potenzieller-nachfolger-von-marko-angesehen\/\",\"name\":\"Vettel als potenzieller Nachfolger von Marko angesehen - Offsidetalks.com\",\"isPartOf\":{\"@id\":\"https:\/\/offsidetalks.com\/de\/#website\"},\"primaryImageOfPage\":{\"@id\":\"https:\/\/offsidetalks.com\/de\/formel-1-2\/vettel-als-potenzieller-nachfolger-von-marko-angesehen\/#primaryimage\"},\"image\":{\"@id\":\"https:\/\/offsidetalks.com\/de\/formel-1-2\/vettel-als-potenzieller-nachfolger-von-marko-angesehen\/#primaryimage\"},\"thumbnailUrl\":\"https:\/\/offsidetalks.com\/wp-content\/uploads\/2025\/04\/j3vklaf8fkjb8kw26br1h5o0e3cdm52e-large.webp\",\"datePublished\":\"2025-04-19T07:53:17+00:00\",\"description\":\"Helmut Marko sieht Sebastian Vettel als Nachfolger.\",\"breadcrumb\":{\"@id\":\"https:\/\/offsidetalks.com\/de\/formel-1-2\/vettel-als-potenzieller-nachfolger-von-marko-angesehen\/#breadcrumb\"},\"inLanguage\":\"de\",\"potentialAction\":[{\"@type\":\"ReadAction\",\"target\":[\"https:\/\/offsidetalks.com\/de\/formel-1-2\/vettel-als-potenzieller-nachfolger-von-marko-angesehen\/\"]}]},{\"@type\":\"ImageObject\",\"inLanguage\":\"de\",\"@id\":\"https:\/\/offsidetalks.com\/de\/formel-1-2\/vettel-als-potenzieller-nachfolger-von-marko-angesehen\/#primaryimage\",\"url\":\"https:\/\/offsidetalks.com\/wp-content\/uploads\/2025\/04\/j3vklaf8fkjb8kw26br1h5o0e3cdm52e-large.webp\",\"contentUrl\":\"https:\/\/offsidetalks.com\/wp-content\/uploads\/2025\/04\/j3vklaf8fkjb8kw26br1h5o0e3cdm52e-large.webp\",\"width\":1280,\"height\":731},{\"@type\":\"BreadcrumbList\",\"@id\":\"https:\/\/offsidetalks.com\/de\/formel-1-2\/vettel-als-potenzieller-nachfolger-von-marko-angesehen\/#breadcrumb\",\"itemListElement\":[{\"@type\":\"ListItem\",\"position\":1,\"name\":\"Offsidetalks.com\",\"item\":\"https:\/\/offsidetalks.com\/de\/\"},{\"@type\":\"ListItem\",\"position\":2,\"name\":\"Formel 1\",\"item\":\"https:\/\/offsidetalks.com\/de\/formel-1-2\/\"},{\"@type\":\"ListItem\",\"position\":3,\"name\":\"Vettel als potenzieller Nachfolger von Marko angesehen\"}]},{\"@type\":\"WebSite\",\"@id\":\"https:\/\/offsidetalks.com\/de\/#website\",\"url\":\"https:\/\/offsidetalks.com\/de\/\",\"name\":\"Offsidetalks.com\",\"description\":\"\",\"publisher\":{\"@id\":\"https:\/\/offsidetalks.com\/de\/#organization\"},\"potentialAction\":[{\"@type\":\"SearchAction\",\"target\":{\"@type\":\"EntryPoint\",\"urlTemplate\":\"https:\/\/offsidetalks.com\/de\/?s={search_term_string}\"},\"query-input\":{\"@type\":\"PropertyValueSpecification\",\"valueRequired\":true,\"valueName\":\"search_term_string\"}}],\"inLanguage\":\"de\"},{\"@type\":\"Organization\",\"@id\":\"https:\/\/offsidetalks.com\/de\/#organization\",\"name\":\"Offsidetalks.com\",\"url\":\"https:\/\/offsidetalks.com\/de\/\",\"logo\":{\"@type\":\"ImageObject\",\"inLanguage\":\"de\",\"@id\":\"https:\/\/offsidetalks.com\/de\/#\/schema\/logo\/image\/\",\"url\":\"https:\/\/offsidetalks.com\/wp-content\/uploads\/2025\/05\/Offside-talks-5.png\",\"contentUrl\":\"https:\/\/offsidetalks.com\/wp-content\/uploads\/2025\/05\/Offside-talks-5.png\",\"width\":886,\"height\":428,\"caption\":\"Offsidetalks.com\"},\"image\":{\"@id\":\"https:\/\/offsidetalks.com\/de\/#\/schema\/logo\/image\/\"}},{\"@type\":\"Person\",\"@id\":\"https:\/\/offsidetalks.com\/de\/#\/schema\/person\/13149d754c31a45417ef6d6a501f354d\",\"name\":\"Javier Morales\",\"image\":{\"@type\":\"ImageObject\",\"inLanguage\":\"de\",\"@id\":\"https:\/\/offsidetalks.com\/de\/#\/schema\/person\/image\/\",\"url\":\"https:\/\/secure.gravatar.com\/avatar\/767ce2169df33f3dfac3c77f65946eadfa6549cf86ef24c2cdb9af98f05febc2?s=96&d=mm&r=g\",\"contentUrl\":\"https:\/\/secure.gravatar.com\/avatar\/767ce2169df33f3dfac3c77f65946eadfa6549cf86ef24c2cdb9af98f05febc2?s=96&d=mm&r=g\",\"caption\":\"Javier Morales\"},\"description\":\"I\u2019m Javier Morales, a football journalist with a deep love for the game and a knack for storytelling. Growing up at the core of Barcelona, football was always part of my life, and over the years, that passion led me to focus on LaLiga, where the skill, drama, and style of play never disappoint. I break down matches, highlight standout performances, and keep things real\u2014no overcomplicated stats, just clear and engaging analysis. Whether it\u2019s a rising star making waves or a classic rivalry heating up, I\u2019m here to bring you the best of Spanish football with a laid-back but insightful approach. For me, Barcelona FC all the way!\",\"url\":\"https:\/\/offsidetalks.com\/de\/author\/javier-morales\/\"}]}<\/script>\n<!-- \/ Yoast SEO plugin. -->","yoast_head_json":{"title":"Vettel als potenzieller Nachfolger von Marko angesehen - Offsidetalks.com","description":"Helmut Marko sieht Sebastian Vettel als Nachfolger.","robots":{"index":"noindex","follow":"follow","max-snippet":"max-snippet:-1","max-image-preview":"max-image-preview:large","max-video-preview":"max-video-preview:-1"},"og_locale":"de_DE","og_type":"article","og_title":"Vettel als potenzieller Nachfolger von Marko angesehen - Offsidetalks.com","og_description":"Helmut Marko sieht Sebastian Vettel als Nachfolger.","og_url":"https:\/\/offsidetalks.com\/de\/formel-1-2\/vettel-als-potenzieller-nachfolger-von-marko-angesehen\/","og_site_name":"Offsidetalks.com","article_published_time":"2025-04-19T07:53:17+00:00","og_image":[{"width":1280,"height":731,"url":"https:\/\/offsidetalks.com\/wp-content\/uploads\/2025\/04\/j3vklaf8fkjb8kw26br1h5o0e3cdm52e-large.webp","type":"image\/webp"}],"author":"Javier Morales","twitter_card":"summary_large_image","twitter_misc":{"Verfasst von":"Javier Morales","Gesch\u00e4tzte Lesezeit":"1\u00a0Minute"},"schema":{"@context":"https:\/\/schema.org","@graph":[{"@type":"Article","@id":"https:\/\/offsidetalks.com\/de\/formel-1-2\/vettel-als-potenzieller-nachfolger-von-marko-angesehen\/#article","isPartOf":{"@id":"https:\/\/offsidetalks.com\/de\/formel-1-2\/vettel-als-potenzieller-nachfolger-von-marko-angesehen\/"},"author":{"name":"Javier Morales","@id":"https:\/\/offsidetalks.com\/de\/#\/schema\/person\/13149d754c31a45417ef6d6a501f354d"},"headline":"Vettel als potenzieller Nachfolger von Marko angesehen","datePublished":"2025-04-19T07:53:17+00:00","mainEntityOfPage":{"@id":"https:\/\/offsidetalks.com\/de\/formel-1-2\/vettel-als-potenzieller-nachfolger-von-marko-angesehen\/"},"wordCount":241,"commentCount":0,"publisher":{"@id":"https:\/\/offsidetalks.com\/de\/#organization"},"image":{"@id":"https:\/\/offsidetalks.com\/de\/formel-1-2\/vettel-als-potenzieller-nachfolger-von-marko-angesehen\/#primaryimage"},"thumbnailUrl":"https:\/\/offsidetalks.com\/wp-content\/uploads\/2025\/04\/j3vklaf8fkjb8kw26br1h5o0e3cdm52e-large.webp","articleSection":["Formel 1"],"inLanguage":"de","potentialAction":[{"@type":"CommentAction","name":"Comment","target":["https:\/\/offsidetalks.com\/de\/formel-1-2\/vettel-als-potenzieller-nachfolger-von-marko-angesehen\/#respond"]}]},{"@type":"WebPage","@id":"https:\/\/offsidetalks.com\/de\/formel-1-2\/vettel-als-potenzieller-nachfolger-von-marko-angesehen\/","url":"https:\/\/offsidetalks.com\/de\/formel-1-2\/vettel-als-potenzieller-nachfolger-von-marko-angesehen\/","name":"Vettel als potenzieller Nachfolger von Marko angesehen - Offsidetalks.com","isPartOf":{"@id":"https:\/\/offsidetalks.com\/de\/#website"},"primaryImageOfPage":{"@id":"https:\/\/offsidetalks.com\/de\/formel-1-2\/vettel-als-potenzieller-nachfolger-von-marko-angesehen\/#primaryimage"},"image":{"@id":"https:\/\/offsidetalks.com\/de\/formel-1-2\/vettel-als-potenzieller-nachfolger-von-marko-angesehen\/#primaryimage"},"thumbnailUrl":"https:\/\/offsidetalks.com\/wp-content\/uploads\/2025\/04\/j3vklaf8fkjb8kw26br1h5o0e3cdm52e-large.webp","datePublished":"2025-04-19T07:53:17+00:00","description":"Helmut Marko sieht Sebastian Vettel als Nachfolger.","breadcrumb":{"@id":"https:\/\/offsidetalks.com\/de\/formel-1-2\/vettel-als-potenzieller-nachfolger-von-marko-angesehen\/#breadcrumb"},"inLanguage":"de","potentialAction":[{"@type":"ReadAction","target":["https:\/\/offsidetalks.com\/de\/formel-1-2\/vettel-als-potenzieller-nachfolger-von-marko-angesehen\/"]}]},{"@type":"ImageObject","inLanguage":"de","@id":"https:\/\/offsidetalks.com\/de\/formel-1-2\/vettel-als-potenzieller-nachfolger-von-marko-angesehen\/#primaryimage","url":"https:\/\/offsidetalks.com\/wp-content\/uploads\/2025\/04\/j3vklaf8fkjb8kw26br1h5o0e3cdm52e-large.webp","contentUrl":"https:\/\/offsidetalks.com\/wp-content\/uploads\/2025\/04\/j3vklaf8fkjb8kw26br1h5o0e3cdm52e-large.webp","width":1280,"height":731},{"@type":"BreadcrumbList","@id":"https:\/\/offsidetalks.com\/de\/formel-1-2\/vettel-als-potenzieller-nachfolger-von-marko-angesehen\/#breadcrumb","itemListElement":[{"@type":"ListItem","position":1,"name":"Offsidetalks.com","item":"https:\/\/offsidetalks.com\/de\/"},{"@type":"ListItem","position":2,"name":"Formel 1","item":"https:\/\/offsidetalks.com\/de\/formel-1-2\/"},{"@type":"ListItem","position":3,"name":"Vettel als potenzieller Nachfolger von Marko angesehen"}]},{"@type":"WebSite","@id":"https:\/\/offsidetalks.com\/de\/#website","url":"https:\/\/offsidetalks.com\/de\/","name":"Offsidetalks.com","description":"","publisher":{"@id":"https:\/\/offsidetalks.com\/de\/#organization"},"potentialAction":[{"@type":"SearchAction","target":{"@type":"EntryPoint","urlTemplate":"https:\/\/offsidetalks.com\/de\/?s={search_term_string}"},"query-input":{"@type":"PropertyValueSpecification","valueRequired":true,"valueName":"search_term_string"}}],"inLanguage":"de"},{"@type":"Organization","@id":"https:\/\/offsidetalks.com\/de\/#organization","name":"Offsidetalks.com","url":"https:\/\/offsidetalks.com\/de\/","logo":{"@type":"ImageObject","inLanguage":"de","@id":"https:\/\/offsidetalks.com\/de\/#\/schema\/logo\/image\/","url":"https:\/\/offsidetalks.com\/wp-content\/uploads\/2025\/05\/Offside-talks-5.png","contentUrl":"https:\/\/offsidetalks.com\/wp-content\/uploads\/2025\/05\/Offside-talks-5.png","width":886,"height":428,"caption":"Offsidetalks.com"},"image":{"@id":"https:\/\/offsidetalks.com\/de\/#\/schema\/logo\/image\/"}},{"@type":"Person","@id":"https:\/\/offsidetalks.com\/de\/#\/schema\/person\/13149d754c31a45417ef6d6a501f354d","name":"Javier Morales","image":{"@type":"ImageObject","inLanguage":"de","@id":"https:\/\/offsidetalks.com\/de\/#\/schema\/person\/image\/","url":"https:\/\/secure.gravatar.com\/avatar\/767ce2169df33f3dfac3c77f65946eadfa6549cf86ef24c2cdb9af98f05febc2?s=96&d=mm&r=g","contentUrl":"https:\/\/secure.gravatar.com\/avatar\/767ce2169df33f3dfac3c77f65946eadfa6549cf86ef24c2cdb9af98f05febc2?s=96&d=mm&r=g","caption":"Javier Morales"},"description":"I\u2019m Javier Morales, a football journalist with a deep love for the game and a knack for storytelling. Growing up at the core of Barcelona, football was always part of my life, and over the years, that passion led me to focus on LaLiga, where the skill, drama, and style of play never disappoint. I break down matches, highlight standout performances, and keep things real\u2014no overcomplicated stats, just clear and engaging analysis. Whether it\u2019s a rising star making waves or a classic rivalry heating up, I\u2019m here to bring you the best of Spanish football with a laid-back but insightful approach. For me, Barcelona FC all the way!","url":"https:\/\/offsidetalks.com\/de\/author\/javier-morales\/"}]}},"_links":{"self":[{"href":"https:\/\/offsidetalks.com\/de\/wp-json\/wp\/v2\/posts\/1582","targetHints":{"allow":["GET"]}}],"collection":[{"href":"https:\/\/offsidetalks.com\/de\/wp-json\/wp\/v2\/posts"}],"about":[{"href":"https:\/\/offsidetalks.com\/de\/wp-json\/wp\/v2\/types\/post"}],"author":[{"embeddable":true,"href":"https:\/\/offsidetalks.com\/de\/wp-json\/wp\/v2\/users\/6"}],"replies":[{"embeddable":true,"href":"https:\/\/offsidetalks.com\/de\/wp-json\/wp\/v2\/comments?post=1582"}],"version-history":[{"count":0,"href":"https:\/\/offsidetalks.com\/de\/wp-json\/wp\/v2\/posts\/1582\/revisions"}],"wp:featuredmedia":[{"embeddable":true,"href":"https:\/\/offsidetalks.com\/de\/wp-json\/wp\/v2\/media\/1316"}],"wp:attachment":[{"href":"https:\/\/offsidetalks.com\/de\/wp-json\/wp\/v2\/media?parent=1582"}],"wp:term":[{"taxonomy":"category","embeddable":true,"href":"https:\/\/offsidetalks.com\/de\/wp-json\/wp\/v2\/categories?post=1582"},{"taxonomy":"post_tag","embeddable":true,"href":"https:\/\/offsidetalks.com\/de\/wp-json\/wp\/v2\/tags?post=1582"}],"curies":[{"name":"wp","href":"https:\/\/api.w.org\/{rel}","templated":true}]}}